{"id":52712,"date":"2022-11-09T18:37:31","date_gmt":"2022-11-09T17:37:31","guid":{"rendered":"https:\/\/jugulajm.net\/?p=52712"},"modified":"2022-11-09T18:40:10","modified_gmt":"2022-11-09T17:40:10","slug":"takohet-me-zv-presidentin-e-unionit-te-qeverive-lokale-gjermane-shehu-premton-qarku-i-gjirokastres-do-jete-me-afer-gjermanise","status":"publish","type":"post","link":"https:\/\/jugulajm.net\/?p=52712","title":{"rendered":"Takohet me Zv Presidentin e Unionit t\u00eb Qeverive Lokale Gjermane, Shehu premton: Qarku i Gjirokastr\u00ebs do jet\u00eb m\u00eb af\u00ebr Gjermanis\u00eb"},"content":{"rendered":"<p>Deputeti demokrat i Qarkut Gjirokaster, Prof. Dr. Tritan Shehu, gjate nje vizite ne Gjermani eshte takuar edhe me Zv Presidentin e Unionit Parlamentar te Qeverive Lokale, Z. Kay Ruge, CDU.<\/p>\n<p>Permes nje postimi ne fb Shehu ka bere me dije per projektin e bashkepunimit mes Unionit Lokal Gjemran dhe Qarkut te Gjirokastres.<\/p>\n<p><strong>Ja postimi i plote i Shehut:<\/strong><\/p>\n<div dir=\"auto\">Berlin.<\/div>\n<div dir=\"auto\"><\/div>\n<div dir=\"auto\">Qarku i Gjirokastres do te jete me afer Gjermanise.<\/div>\n<div dir=\"auto\">Takimet filluan me Zv Presidentin e Unionit Parlamentar te Qeverive Lokale, Z. Kay Ruge, CDU.<\/div>\n<div dir=\"auto\"><\/div>\n<div dir=\"auto\">Ne Procesin e Berlinit eshte e nevojeshme te nderthuren edhe maredheniet direkte te Qeverive Lokale gjermane me Bashkite e njesite vendore ne Shqiperi.<\/div>\n<div dir=\"auto\"><\/div>\n<div dir=\"auto\">Pa dyshim ky eshte nje projekt, qe mund te realizohet mbas zgjedhjeve lokale te 14 Majit.<\/div>\n<div dir=\"auto\"><\/div>\n<div dir=\"auto\">Ishte nje bisede e gjate dhe produktive, ku nje vend te vecante zuri stimulimi i nje<\/div>\n<div dir=\"auto\">bashkepunimi direkt me Qarkun e Gjirokastres nga njesi vendore gjermane.<\/div>\n<div dir=\"auto\"><img decoding=\"async\" src=\"https:\/\/scontent.ftia14-1.fna.fbcdn.net\/v\/t39.30808-6\/313435396_3380971035473204_1277900968742178460_n.jpg?stp=cp6_dst-jpg&amp;_nc_cat=105&amp;ccb=1-7&amp;_nc_sid=8bfeb9&amp;_nc_ohc=8fUfq8vocDEAX9g0QzC&amp;_nc_ht=scontent.ftia14-1.fna&amp;oh=00_AfDVuSSkreG8tTrPhOToIElOhO2bX122U91Bs8BGWSxcHA&amp;oe=63701EF5\" alt=\"Mund t\u00eb jet\u00eb nj\u00eb imazh i 2 persona dhe njer\u00ebz n\u00eb k\u00ebmb\u00eb\" \/><\/div>\n","protected":false},"excerpt":{"rendered":"<p>Deputeti demokrat i Qarkut Gjirokaster, Prof. Dr. Tritan Shehu, gjate nje vizite ne Gjermani eshte takuar edhe me Zv Presidentin e Unionit Parlamentar te Qeverive Lokale, Z. Kay Ruge, CDU. Permes nje postimi ne fb Shehu ka bere me dije per projektin e bashkepunimit mes Unionit Lokal Gjemran dhe Qarkut te Gjirokastres. Ja postimi i [&hellip;]<\/p>\n","protected":false},"author":5,"featured_media":52713,"comment_status":"open","ping_status":"open","sticky":false,"template":"","format":"standard","meta":{"footnotes":""},"categories":[6326,6332],"tags":[20412,20411,20369],"class_list":{"0":"post-52712","1":"post","2":"type-post","3":"status-publish","4":"format-standard","5":"has-post-thumbnail","7":"category-politike","8":"category-te-fundit","9":"tag-shehu-premton-qarku-i-gjirokastres-do-jete-me-afer-gjermanise","10":"tag-takohet-me-zv-presidentin-e-unionit-te-qeverive-lokale-gjermane","11":"tag-tritan-shehu"},"_links":{"self":[{"href":"https:\/\/jugulajm.net\/index.php?rest_route=\/wp\/v2\/posts\/52712","targetHints":{"allow":["GET"]}}],"collection":[{"href":"https:\/\/jugulajm.net\/index.php?rest_route=\/wp\/v2\/posts"}],"about":[{"href":"https:\/\/jugulajm.net\/index.php?rest_route=\/wp\/v2\/types\/post"}],"author":[{"embeddable":true,"href":"https:\/\/jugulajm.net\/index.php?rest_route=\/wp\/v2\/users\/5"}],"replies":[{"embeddable":true,"href":"https:\/\/jugulajm.net\/index.php?rest_route=%2Fwp%2Fv2%2Fcomments&post=52712"}],"version-history":[{"count":0,"href":"https:\/\/jugulajm.net\/index.php?rest_route=\/wp\/v2\/posts\/52712\/revisions"}],"wp:featuredmedia":[{"embeddable":true,"href":"https:\/\/jugulajm.net\/index.php?rest_route=\/wp\/v2\/media\/52713"}],"wp:attachment":[{"href":"https:\/\/jugulajm.net\/index.php?rest_route=%2Fwp%2Fv2%2Fmedia&parent=52712"}],"wp:term":[{"taxonomy":"category","embeddable":true,"href":"https:\/\/jugulajm.net\/index.php?rest_route=%2Fwp%2Fv2%2Fcategories&post=52712"},{"taxonomy":"post_tag","embeddable":true,"href":"https:\/\/jugulajm.net\/index.php?rest_route=%2Fwp%2Fv2%2Ftags&post=52712"}],"curies":[{"name":"wp","href":"https:\/\/api.w.org\/{rel}","templated":true}]}}