{"id":52697,"date":"2022-11-09T11:05:39","date_gmt":"2022-11-09T10:05:39","guid":{"rendered":"https:\/\/jugulajm.net\/?p=52697"},"modified":"2022-11-09T11:05:39","modified_gmt":"2022-11-09T10:05:39","slug":"apeli-rikthen-ne-burg-ish-deputetin-bllako","status":"publish","type":"post","link":"https:\/\/jugulajm.net\/?p=52697","title":{"rendered":"Apeli rikthen n\u00eb burg ish-deputetin Bllako"},"content":{"rendered":"<p>Ish-deputeti i Partis\u00eb Socialiste Alqi Bllako do t\u00eb rikthehet n\u00eb qeli. Bllako \u00ebsht\u00eb paraqitur sot n\u00eb Gjykat\u00ebn e Posa\u00e7me t\u00eb Apelit.<\/p>\n<p>Aty \u00ebsht\u00eb mbajtur seanca q\u00eb ka vendosur q\u00eb ish-deputeti t\u00eb kthehet s\u00ebrish n\u00eb burg.<\/p>\n<p>Vendimi i Gjykat\u00ebs s\u00eb Posa\u00e7me erdhi pas k\u00ebrkes\u00ebs s\u00eb SPAK e cila ankimoi m\u00eb her\u00ebt lirimin e tij nga qelia dhe l\u00ebnien n\u00eb \u201carrest sht\u00ebpie\u201d.<\/p>\n<p>Alqi Bllako akuzohet p\u00ebr korrupsion dhe shp\u00ebrdorim detyre. Ai akuzohet se falsifikoi dokumente shpron\u00ebsimi p\u00ebr nj\u00eb tok\u00eb q\u00eb nga ar\u00eb ishte kthyer n\u00eb truall dhe dokumentet e falsifikuara i jan\u00eb paraqitur K\u00ebshillit t\u00eb Ministrave.<\/p>\n","protected":false},"excerpt":{"rendered":"<p>Ish-deputeti i Partis\u00eb Socialiste Alqi Bllako do t\u00eb rikthehet n\u00eb qeli. Bllako \u00ebsht\u00eb paraqitur sot n\u00eb Gjykat\u00ebn e Posa\u00e7me t\u00eb Apelit. Aty \u00ebsht\u00eb mbajtur seanca q\u00eb ka vendosur q\u00eb ish-deputeti t\u00eb kthehet s\u00ebrish n\u00eb burg. Vendimi i Gjykat\u00ebs s\u00eb Posa\u00e7me erdhi pas k\u00ebrkes\u00ebs s\u00eb SPAK e cila ankimoi m\u00eb her\u00ebt lirimin e tij nga qelia [&hellip;]<\/p>\n","protected":false},"author":5,"featured_media":45592,"comment_status":"open","ping_status":"open","sticky":false,"template":"","format":"standard","meta":{"footnotes":""},"categories":[1,6326,6332],"tags":[20402],"class_list":{"0":"post-52697","1":"post","2":"type-post","3":"status-publish","4":"format-standard","5":"has-post-thumbnail","7":"category-aktualitet","8":"category-politike","9":"category-te-fundit","10":"tag-apeli-rikthen-ne-burg-ish-deputetin-bllako"},"_links":{"self":[{"href":"https:\/\/jugulajm.net\/index.php?rest_route=\/wp\/v2\/posts\/52697","targetHints":{"allow":["GET"]}}],"collection":[{"href":"https:\/\/jugulajm.net\/index.php?rest_route=\/wp\/v2\/posts"}],"about":[{"href":"https:\/\/jugulajm.net\/index.php?rest_route=\/wp\/v2\/types\/post"}],"author":[{"embeddable":true,"href":"https:\/\/jugulajm.net\/index.php?rest_route=\/wp\/v2\/users\/5"}],"replies":[{"embeddable":true,"href":"https:\/\/jugulajm.net\/index.php?rest_route=%2Fwp%2Fv2%2Fcomments&post=52697"}],"version-history":[{"count":0,"href":"https:\/\/jugulajm.net\/index.php?rest_route=\/wp\/v2\/posts\/52697\/revisions"}],"wp:featuredmedia":[{"embeddable":true,"href":"https:\/\/jugulajm.net\/index.php?rest_route=\/wp\/v2\/media\/45592"}],"wp:attachment":[{"href":"https:\/\/jugulajm.net\/index.php?rest_route=%2Fwp%2Fv2%2Fmedia&parent=52697"}],"wp:term":[{"taxonomy":"category","embeddable":true,"href":"https:\/\/jugulajm.net\/index.php?rest_route=%2Fwp%2Fv2%2Fcategories&post=52697"},{"taxonomy":"post_tag","embeddable":true,"href":"https:\/\/jugulajm.net\/index.php?rest_route=%2Fwp%2Fv2%2Ftags&post=52697"}],"curies":[{"name":"wp","href":"https:\/\/api.w.org\/{rel}","templated":true}]}}