{"id":52672,"date":"2022-11-08T17:53:51","date_gmt":"2022-11-08T16:53:51","guid":{"rendered":"https:\/\/jugulajm.net\/?p=52672"},"modified":"2022-11-08T18:02:43","modified_gmt":"2022-11-08T17:02:43","slug":"balluku-fasha-800-kwh-nuk-do-aplikohet-as-per-kete-muaj","status":"publish","type":"post","link":"https:\/\/jugulajm.net\/?p=52672","title":{"rendered":"Nd\u00ebrron mendje Belinda: Fasha 800 kWh nuk do aplikohet as p\u00ebr k\u00ebt\u00eb muaj"},"content":{"rendered":"<p>Qeveria shqiptare ka marr\u00eb vendimin p\u00ebr moszbatimin e fash\u00ebs 800 kw\/h as p\u00ebr muajin n\u00ebntor.<\/p>\n<p>Lajmin e ka b\u00ebr\u00eb t\u00eb ditur Ministrja e Infrastruktur\u00ebs dhe Energjitik\u00ebs Belinda Balluku me an\u00eb t\u00eb nj\u00eb konferenc\u00eb p\u00ebr shtyp, ku tha se \u00e7mimi i energjis\u00eb ka r\u00ebn\u00eb edhe n\u00eb burs\u00eb n\u00eb fillim t\u00eb n\u00ebntorit.<\/p>\n<p><em>\u201cN\u00eb fillim t\u00eb n\u00ebntorit, parashikimi i burs\u00ebs hungareze \u00ebsht\u00eb m\u00eb i ul\u00ebt. K\u00ebto nuk jan\u00eb ulje t\u00eb konsiderueshme por krahasuar me 450 eurot q\u00eb blihej n\u00eb shtator, \u00ebsht\u00eb nj\u00eb ulje q\u00eb do t\u00eb na ndihmonte n\u00eb k\u00ebto momente. Qeveria shqiptare ka vendosur t\u00eb mos e aplikoj\u00eb fash\u00ebn 800 kw\/or\u00eb p\u00ebr asnj\u00eb abonent. <\/em><\/p>\n<p><em>Desha t\u00eb ndaja me ju nj\u00eb lajm shum\u00eb t\u00eb mir\u00eb, pasi kemi mbyllur procesin p\u00ebr shoq\u00ebrit\u00eb q\u00eb do t\u00eb ofrojn\u00eb produktin dhe instalimin e paneleve djillore, m\u00eb nj\u00eb dhjetor kemi hapur dat\u00ebn dhe n\u00eb dit\u00ebn e par\u00eb kemi pasur m\u00eb shum\u00eb se 120 aplikime dhe kemi mbyllur jav\u00ebn e par\u00eb me mij\u00ebra, do i k\u00ebrkoja qytetar\u00ebve t\u00eb mos m\u00ebrziten se jan\u00eb nj\u00eb s\u00ebr\u00eb kriteresh p\u00ebr tu p\u00ebrmbushur.\u201d- tha Balluku.<\/em><\/p>\n","protected":false},"excerpt":{"rendered":"<p>Qeveria shqiptare ka marr\u00eb vendimin p\u00ebr moszbatimin e fash\u00ebs 800 kw\/h as p\u00ebr muajin n\u00ebntor. Lajmin e ka b\u00ebr\u00eb t\u00eb ditur Ministrja e Infrastruktur\u00ebs dhe Energjitik\u00ebs Belinda Balluku me an\u00eb t\u00eb nj\u00eb konferenc\u00eb p\u00ebr shtyp, ku tha se \u00e7mimi i energjis\u00eb ka r\u00ebn\u00eb edhe n\u00eb burs\u00eb n\u00eb fillim t\u00eb n\u00ebntorit. \u201cN\u00eb fillim t\u00eb n\u00ebntorit, parashikimi [&hellip;]<\/p>\n","protected":false},"author":5,"featured_media":49743,"comment_status":"open","ping_status":"open","sticky":false,"template":"","format":"standard","meta":{"footnotes":""},"categories":[6327,6332],"tags":[20395],"class_list":{"0":"post-52672","1":"post","2":"type-post","3":"status-publish","4":"format-standard","5":"has-post-thumbnail","7":"category-ekonomi","8":"category-te-fundit","9":"tag-nderron-mendje-belinda-fasha-800-kwh-nuk-do-aplikohet-as-per-kete-muaj"},"_links":{"self":[{"href":"https:\/\/jugulajm.net\/index.php?rest_route=\/wp\/v2\/posts\/52672","targetHints":{"allow":["GET"]}}],"collection":[{"href":"https:\/\/jugulajm.net\/index.php?rest_route=\/wp\/v2\/posts"}],"about":[{"href":"https:\/\/jugulajm.net\/index.php?rest_route=\/wp\/v2\/types\/post"}],"author":[{"embeddable":true,"href":"https:\/\/jugulajm.net\/index.php?rest_route=\/wp\/v2\/users\/5"}],"replies":[{"embeddable":true,"href":"https:\/\/jugulajm.net\/index.php?rest_route=%2Fwp%2Fv2%2Fcomments&post=52672"}],"version-history":[{"count":0,"href":"https:\/\/jugulajm.net\/index.php?rest_route=\/wp\/v2\/posts\/52672\/revisions"}],"wp:featuredmedia":[{"embeddable":true,"href":"https:\/\/jugulajm.net\/index.php?rest_route=\/wp\/v2\/media\/49743"}],"wp:attachment":[{"href":"https:\/\/jugulajm.net\/index.php?rest_route=%2Fwp%2Fv2%2Fmedia&parent=52672"}],"wp:term":[{"taxonomy":"category","embeddable":true,"href":"https:\/\/jugulajm.net\/index.php?rest_route=%2Fwp%2Fv2%2Fcategories&post=52672"},{"taxonomy":"post_tag","embeddable":true,"href":"https:\/\/jugulajm.net\/index.php?rest_route=%2Fwp%2Fv2%2Ftags&post=52672"}],"curies":[{"name":"wp","href":"https:\/\/api.w.org\/{rel}","templated":true}]}}