{"id":52664,"date":"2022-11-08T15:49:13","date_gmt":"2022-11-08T14:49:13","guid":{"rendered":"https:\/\/jugulajm.net\/?p=52664"},"modified":"2022-11-08T15:51:57","modified_gmt":"2022-11-08T14:51:57","slug":"foto-emrat-benin-namin-me-vjedhje-ne-greqi-arrestohet-sarandjoti-dhe-shoku-i-tij","status":"publish","type":"post","link":"https:\/\/jugulajm.net\/?p=52664","title":{"rendered":"FOTO\/ EMRAT\/ B\u00ebnin namin me vjedhje n\u00eb Greqi, arrestohet sarandjoti dhe shoku i tij"},"content":{"rendered":"<p>Zbardhen identitetet e dy shqiptar\u00ebve t\u00eb arrestuar pak dit\u00eb m\u00eb par\u00eb n\u00eb Greqi pasi akuzohen se jan\u00eb autor\u00eb t\u00eb vjedhjeve t\u00eb disa banesave.<\/p>\n<p>B\u00ebhet fjal\u00eb p\u00ebr 49-vje\u00e7arin Aned Kolin nga Durr\u00ebsi dhe Kristaq Goga, 44 vje\u00e7 nga Saranda.<\/p>\n<p>An\u00ebtar\u00ebt e band\u00ebs n\u00eb t\u00eb shumt\u00ebn e rasteve hynin n\u00ebp\u00ebr sht\u00ebpi gjat\u00eb nat\u00ebs kur pronar\u00ebt e tyre flinin.<\/p>\n<p>Hetimi i vazhduesh\u00ebm dhe shum\u00ebmujor nga punonj\u00ebsit e policis\u00eb s\u00eb Departamentit t\u00eb Krimeve t\u00eb Pron\u00ebs n\u00eb Drejtorin\u00eb e Sigurimit t\u00eb Selanikut, \u00e7oi n\u00eb shkat\u00ebrrimin e k\u00ebsaj bande t\u00eb p\u00ebrfshir\u00eb n\u00eb grabitje dhe vjedhje n\u00eb banesa n\u00eb zona t\u00eb ndryshme t\u00eb kompleksit m\u00eb t\u00eb gjer\u00eb urban t\u00eb Selanikut.<\/p>\n<p>Shqiptar\u00ebt, gjat\u00eb periudh\u00ebs 22.07.2022 deri m\u00eb 23.09.2022, kan\u00eb vjedhur rreth 14 banesa n\u00eb zonat Pylaia, Panorama, Kardia, Plagiario, Trilofos dhe Epanomi. M\u00ebsohet se ata vidhnin kryesisht bizhuteri floriri dhe para, nd\u00ebrsa shumat e vjedhura llogariten t\u00eb jet\u00eb af\u00ebrsisht 53.000 euro, nd\u00ebrsa mes tyre jan\u00eb dhe 3 automjete q\u00eb iu kthyen pronar\u00ebve.<\/p>\n<p><strong>CFAR\u00cb JAN\u00cb KONFISKUAR<\/strong><\/p>\n<p>(1) pistolet\u00eb me karikator q\u00eb mbante (5) fishek\u00eb,<br \/>\n(1) kart\u00eb identiteti duksh\u00ebm false e autoriteteve italiane,<br \/>\n(1) nj\u00eb leje drejtimi t\u00eb falsifikuar duksh\u00ebm t\u00eb l\u00ebshuar nga autoritetet italiane.<\/p>\n","protected":false},"excerpt":{"rendered":"<p>Zbardhen identitetet e dy shqiptar\u00ebve t\u00eb arrestuar pak dit\u00eb m\u00eb par\u00eb n\u00eb Greqi pasi akuzohen se jan\u00eb autor\u00eb t\u00eb vjedhjeve t\u00eb disa banesave. B\u00ebhet fjal\u00eb p\u00ebr 49-vje\u00e7arin Aned Kolin nga Durr\u00ebsi dhe Kristaq Goga, 44 vje\u00e7 nga Saranda. An\u00ebtar\u00ebt e band\u00ebs n\u00eb t\u00eb shumt\u00ebn e rasteve hynin n\u00ebp\u00ebr sht\u00ebpi gjat\u00eb nat\u00ebs kur pronar\u00ebt e tyre [&hellip;]<\/p>\n","protected":false},"author":5,"featured_media":52665,"comment_status":"open","ping_status":"open","sticky":false,"template":"","format":"standard","meta":{"footnotes":""},"categories":[1,6332],"tags":[20391,20390],"class_list":{"0":"post-52664","1":"post","2":"type-post","3":"status-publish","4":"format-standard","5":"has-post-thumbnail","7":"category-aktualitet","8":"category-te-fundit","9":"tag-arrestohet-sarandjoti-dhe-shoku-i-tij","10":"tag-foto-emrat-benin-namin-me-vjedhje-ne-greqi"},"_links":{"self":[{"href":"https:\/\/jugulajm.net\/index.php?rest_route=\/wp\/v2\/posts\/52664","targetHints":{"allow":["GET"]}}],"collection":[{"href":"https:\/\/jugulajm.net\/index.php?rest_route=\/wp\/v2\/posts"}],"about":[{"href":"https:\/\/jugulajm.net\/index.php?rest_route=\/wp\/v2\/types\/post"}],"author":[{"embeddable":true,"href":"https:\/\/jugulajm.net\/index.php?rest_route=\/wp\/v2\/users\/5"}],"replies":[{"embeddable":true,"href":"https:\/\/jugulajm.net\/index.php?rest_route=%2Fwp%2Fv2%2Fcomments&post=52664"}],"version-history":[{"count":0,"href":"https:\/\/jugulajm.net\/index.php?rest_route=\/wp\/v2\/posts\/52664\/revisions"}],"wp:featuredmedia":[{"embeddable":true,"href":"https:\/\/jugulajm.net\/index.php?rest_route=\/wp\/v2\/media\/52665"}],"wp:attachment":[{"href":"https:\/\/jugulajm.net\/index.php?rest_route=%2Fwp%2Fv2%2Fmedia&parent=52664"}],"wp:term":[{"taxonomy":"category","embeddable":true,"href":"https:\/\/jugulajm.net\/index.php?rest_route=%2Fwp%2Fv2%2Fcategories&post=52664"},{"taxonomy":"post_tag","embeddable":true,"href":"https:\/\/jugulajm.net\/index.php?rest_route=%2Fwp%2Fv2%2Ftags&post=52664"}],"curies":[{"name":"wp","href":"https:\/\/api.w.org\/{rel}","templated":true}]}}