{"id":52649,"date":"2022-11-08T13:25:58","date_gmt":"2022-11-08T12:25:58","guid":{"rendered":"https:\/\/jugulajm.net\/?p=52649"},"modified":"2022-11-08T13:25:58","modified_gmt":"2022-11-08T12:25:58","slug":"foto-zhvillohet-ne-livadhja-festivali-folklorik-i-pakicave-kombetare-qe-jetojne-ne-shqiperi","status":"publish","type":"post","link":"https:\/\/jugulajm.net\/?p=52649","title":{"rendered":"FOTO\/ Zhvillohet n\u00eb Livadhja, Festivali Folklorik i Pakicave Komb\u00ebtare q\u00eb jetojn\u00eb n\u00eb Shqip\u00ebri"},"content":{"rendered":"<p>U zhvillua ne Livadhja, Festivali Folklorik i Pakicave Kombetare qe jetojne ne Shqiperi.<\/p>\n<p>Moren pjese 9 pakica me grupet e tyre artistike dhe veshjet tradicionale.<\/p>\n<p>Nder to ishin pakica Serbe, Malazeze ,Bullgare, Rome,Greke,etj.<\/p>\n<p>Ne kete aktivitet u interpretuan kenge dhe valle ne gjuhen e 9 pakicave, duke sjelle ne skene origjinalitetin dhe vlerat e kombeve te ketyre komuniteteve qe jetojne ne Shqiperi.<\/p>\n<p>Respektimi i te drejtave te pakicave eshte harmoni dhe vlere e te gjitha kombeve tha ne fjalen e saj kryetarja e komitetit te Pakicave Kombetare, Kostandina Bezhani.<\/p>\n<p>Sipas saj, eventi zhvillohet pak perpara vizites se perfaqsuesve te BE-se ne Shqiperi, te cilet monitorojne respektimin e te drejtave te minoriteteve ne.<\/p>\n<p>Ky ishte festivali i pare i ketij lloji ne jug te vendit qe u mundesua nga Komiteti i Pakicave Kombetare dhe shoqata Shen Kozma.<img decoding=\"async\" src=\"https:\/\/scontent.ftia14-1.fna.fbcdn.net\/v\/t1.15752-9\/307446895_5496187373831710_4118812907885667460_n.jpg?_nc_cat=102&amp;ccb=1-7&amp;_nc_sid=ae9488&amp;_nc_ohc=5khMpHEEed8AX_R6uP6&amp;_nc_ht=scontent.ftia14-1.fna&amp;oh=03_AdRjj3FDhSWAT2-ohaea9Wan2MJ6gD5x-wi4x3LlkiSGkw&amp;oe=6391AAA1\" alt=\"Nuk ka asnj\u00eb p\u00ebrshkrim t\u00eb disponuesh\u00ebm\" \/><img decoding=\"async\" src=\"https:\/\/scontent.ftia14-1.fna.fbcdn.net\/v\/t1.15752-9\/313918857_1591164434660952_2925744688913959392_n.jpg?_nc_cat=102&amp;ccb=1-7&amp;_nc_sid=ae9488&amp;_nc_ohc=XObsIAYfOLsAX8DPzKZ&amp;_nc_oc=AQmzE5tB4pgDgPviw9EEvtorRyfkriFFatVS7GldUK_OHLpm_46_a5c4ZW97q6VvgRg&amp;_nc_ht=scontent.ftia14-1.fna&amp;oh=03_AdTJJhy4aTs0zzAiOrGN5RIsRx5az1s6XO3L42LATRFArg&amp;oe=6391CD4C\" alt=\"Nuk ka asnj\u00eb p\u00ebrshkrim t\u00eb disponuesh\u00ebm\" \/><img decoding=\"async\" src=\"https:\/\/scontent.ftia14-1.fna.fbcdn.net\/v\/t1.15752-9\/314853939_527773992178970_2698367823722918363_n.jpg?_nc_cat=111&amp;ccb=1-7&amp;_nc_sid=ae9488&amp;_nc_ohc=ajG4FlKx5XwAX_rMBJk&amp;_nc_ht=scontent.ftia14-1.fna&amp;oh=03_AdR40xTyCZdHjtXUp9o0CnTjvSaZv2fn6SCYnvaWoVdALQ&amp;oe=6391B10C\" alt=\"Nuk ka asnj\u00eb p\u00ebrshkrim t\u00eb disponuesh\u00ebm\" \/><img decoding=\"async\" src=\"https:\/\/scontent.ftia14-1.fna.fbcdn.net\/v\/t1.15752-9\/314891550_1165089174419824_3656132875549417678_n.jpg?_nc_cat=107&amp;ccb=1-7&amp;_nc_sid=ae9488&amp;_nc_ohc=qeBAMhLjpu8AX-zsCSw&amp;_nc_ht=scontent.ftia14-1.fna&amp;oh=03_AdRin3Se0E6KK4krrq_5HnFBzXjMxMuYXHNKwED0EMqhAw&amp;oe=6391AB33\" alt=\"Nuk ka asnj\u00eb p\u00ebrshkrim t\u00eb disponuesh\u00ebm\" \/><img decoding=\"async\" src=\"https:\/\/scontent.ftia14-1.fna.fbcdn.net\/v\/t1.15752-9\/314542235_5303836259727600_4645880927722307712_n.jpg?_nc_cat=103&amp;ccb=1-7&amp;_nc_sid=ae9488&amp;_nc_ohc=V8ZhPW4boHQAX-ZAFsN&amp;tn=mxsiNUoRqTZIecwP&amp;_nc_ht=scontent.ftia14-1.fna&amp;oh=03_AdTbKNSe4QBa0I67sudH1X4Ba_1g7bxs4JmV0rM-ZzhyGA&amp;oe=6391A203\" alt=\"Nuk ka asnj\u00eb p\u00ebrshkrim t\u00eb disponuesh\u00ebm\" \/><\/p>\n<p><img decoding=\"async\" src=\"https:\/\/scontent.ftia14-1.fna.fbcdn.net\/v\/t1.15752-9\/314930589_1766459207044219_6651660137333487561_n.jpg?_nc_cat=108&amp;ccb=1-7&amp;_nc_sid=ae9488&amp;_nc_ohc=VkvhinT9ac8AX81Su5U&amp;tn=mxsiNUoRqTZIecwP&amp;_nc_ht=scontent.ftia14-1.fna&amp;oh=03_AdTTr9cV9cCSHn57VIAIeYbrHM-nkdVs02PirmYg6AbXog&amp;oe=6391BA1E\" alt=\"Nuk ka asnj\u00eb p\u00ebrshkrim t\u00eb disponuesh\u00ebm\" \/><\/p>\n","protected":false},"excerpt":{"rendered":"<p>U zhvillua ne Livadhja, Festivali Folklorik i Pakicave Kombetare qe jetojne ne Shqiperi. Moren pjese 9 pakica me grupet e tyre artistike dhe veshjet tradicionale. Nder to ishin pakica Serbe, Malazeze ,Bullgare, Rome,Greke,etj. Ne kete aktivitet u interpretuan kenge dhe valle ne gjuhen e 9 pakicave, duke sjelle ne skene origjinalitetin dhe vlerat e kombeve [&hellip;]<\/p>\n","protected":false},"author":5,"featured_media":52653,"comment_status":"open","ping_status":"open","sticky":false,"template":"","format":"standard","meta":{"footnotes":""},"categories":[7665,6332],"tags":[20389,20388],"class_list":{"0":"post-52649","1":"post","2":"type-post","3":"status-publish","4":"format-standard","5":"has-post-thumbnail","7":"category-art","8":"category-te-fundit","9":"tag-festivali-folklorik-i-pakicave-kombetare-qe-jetojne-ne-shqiperi","10":"tag-foto-zhvillohet-ne-livadhja"},"_links":{"self":[{"href":"https:\/\/jugulajm.net\/index.php?rest_route=\/wp\/v2\/posts\/52649","targetHints":{"allow":["GET"]}}],"collection":[{"href":"https:\/\/jugulajm.net\/index.php?rest_route=\/wp\/v2\/posts"}],"about":[{"href":"https:\/\/jugulajm.net\/index.php?rest_route=\/wp\/v2\/types\/post"}],"author":[{"embeddable":true,"href":"https:\/\/jugulajm.net\/index.php?rest_route=\/wp\/v2\/users\/5"}],"replies":[{"embeddable":true,"href":"https:\/\/jugulajm.net\/index.php?rest_route=%2Fwp%2Fv2%2Fcomments&post=52649"}],"version-history":[{"count":0,"href":"https:\/\/jugulajm.net\/index.php?rest_route=\/wp\/v2\/posts\/52649\/revisions"}],"wp:featuredmedia":[{"embeddable":true,"href":"https:\/\/jugulajm.net\/index.php?rest_route=\/wp\/v2\/media\/52653"}],"wp:attachment":[{"href":"https:\/\/jugulajm.net\/index.php?rest_route=%2Fwp%2Fv2%2Fmedia&parent=52649"}],"wp:term":[{"taxonomy":"category","embeddable":true,"href":"https:\/\/jugulajm.net\/index.php?rest_route=%2Fwp%2Fv2%2Fcategories&post=52649"},{"taxonomy":"post_tag","embeddable":true,"href":"https:\/\/jugulajm.net\/index.php?rest_route=%2Fwp%2Fv2%2Ftags&post=52649"}],"curies":[{"name":"wp","href":"https:\/\/api.w.org\/{rel}","templated":true}]}}