{"id":52623,"date":"2022-11-07T19:48:36","date_gmt":"2022-11-07T18:48:36","guid":{"rendered":"https:\/\/jugulajm.net\/?p=52623"},"modified":"2022-11-07T19:48:36","modified_gmt":"2022-11-07T18:48:36","slug":"video-u-gjet-i-vdekur-ne-greqi-flet-vellai-i-shqiptarit-u-copetua-me-sharre-elektrike","status":"publish","type":"post","link":"https:\/\/jugulajm.net\/?p=52623","title":{"rendered":"VIDEO\/ U gjet i vdekur n\u00eb Greqi, flet v\u00ebllai i shqiptarit: U cop\u00ebtua me sharr\u00eb elektrike"},"content":{"rendered":"<p>V\u00ebllai i Ylli Mer\u00ebs, trupi i t\u00eb cilit u gjet i pajet\u00eb n\u00eb nj\u00eb zon\u00eb malor\u00eb n\u00eb Greqi, ka folur p\u00ebr mediat greke n\u00eb lidhje me ngjarjen e r\u00ebnd\u00eb. Ai ka th\u00ebn\u00eb se ende nuk kan\u00eb informacion t\u00eb sakt\u00eb apo zyrtar, por vet\u00ebm \u00e7far\u00eb kan\u00eb d\u00ebgjuar nga mediat.<\/p>\n<p>\u201cV\u00ebllain e gjet\u00ebn t\u00eb vdekur n\u00eb mal, kishte shkuar atje me nj\u00eb grek, ndoshta p\u00ebr t\u00eb prer\u00eb dru, ende nuk e dim\u00eb se \u00e7far\u00eb ka ndodhur, por kemi d\u00ebgjuar q\u00eb i \u00ebsht\u00eb prer\u00eb k\u00ebmba, aty kan\u00eb gjetur edhe sharr\u00ebn elektrike. Kan\u00eb punuar bashk\u00eb me njeriun q\u00eb ka shkuar n\u00eb mal, por nuk di gj\u00eb m\u00eb shum\u00eb, n\u00eb Greqi jam vet\u00ebm un\u00eb, m\u00eb vjen shum\u00eb keq p\u00ebr k\u00ebt\u00eb ngjarje tragjike q\u00eb ka ndodhur n\u00eb familjen ton\u00eb, presim t\u00eb m\u00ebsojm\u00eb m\u00eb shum\u00eb. Nga policia q\u00eb po vijon hetimet.\u201d \u2013 tha ai.<\/p>\n<p>I gjith\u00eb fshati n\u00eb t\u00eb cilin jetonte 51-vje\u00e7ari \u00ebsht\u00eb tronditur nga ngjarja tragjike.<\/p>\n<p>&#8220;Nuk kishte burr\u00eb m\u00eb t\u00eb mir\u00eb. Ai jetonte prej vitesh k\u00ebtu dhe nuk kishte dh\u00ebn\u00eb as t\u00eb drejt\u00ebn m\u00eb t\u00eb vog\u00ebl askund. D\u00ebgjuam q\u00eb Kosta (si\u00e7 e quanin n\u00eb Greqi) kishte shkuar n\u00eb mal dhe se kishte humbur jet\u00ebn, kishte shkuar. disa her\u00eb p\u00ebr pun\u00eb, p\u00ebr t\u00eb prer\u00eb dru. Dy burrat kishin shkuar shum\u00eb her\u00eb bashk\u00eb. Policia e gjeti n\u00eb mal. Me njeriun me t\u00eb cilin kishin shkuar t\u00eb mart\u00ebn, shkonin shpesh bashk\u00eb, pothuajse \u00e7do dit\u00eb e \u00e7onte n\u00eb pun\u00eb\u201d, tregon p\u00ebr protothema.gr, Giorgos Tsakalidis, banor i fshatit q\u00eb i njihte t\u00eb dy burrat prej shum\u00eb vitesh.<\/p>\n<p>Gjithashtu, si\u00e7 konstatohet nga hetimet policore, 59-vje\u00e7ari ka marr\u00eb me vete celularin e viktim\u00ebs dhe e ka hedhur n\u00eb asfalt gjat\u00eb rrug\u00ebtimit.<\/p>\n<div class=\"ytiframe\"><iframe loading=\"lazy\" title=\"YouTube video player\" src=\"https:\/\/www.youtube.com\/embed\/kbeKLrQ7HBE\" width=\"560\" height=\"315\" frameborder=\"0\" allowfullscreen=\"allowfullscreen\" data-ex-slot-check=\"iframe_ex_slot_2\" data-mce-fragment=\"1\"><\/iframe><\/div>\n","protected":false},"excerpt":{"rendered":"<p>V\u00ebllai i Ylli Mer\u00ebs, trupi i t\u00eb cilit u gjet i pajet\u00eb n\u00eb nj\u00eb zon\u00eb malor\u00eb n\u00eb Greqi, ka folur p\u00ebr mediat greke n\u00eb lidhje me ngjarjen e r\u00ebnd\u00eb. Ai ka th\u00ebn\u00eb se ende nuk kan\u00eb informacion t\u00eb sakt\u00eb apo zyrtar, por vet\u00ebm \u00e7far\u00eb kan\u00eb d\u00ebgjuar nga mediat. \u201cV\u00ebllain e gjet\u00ebn t\u00eb vdekur n\u00eb mal, [&hellip;]<\/p>\n","protected":false},"author":5,"featured_media":52624,"comment_status":"open","ping_status":"open","sticky":false,"template":"","format":"standard","meta":{"footnotes":""},"categories":[1,6332],"tags":[20377,20376],"class_list":{"0":"post-52623","1":"post","2":"type-post","3":"status-publish","4":"format-standard","5":"has-post-thumbnail","7":"category-aktualitet","8":"category-te-fundit","9":"tag-flet-vellai-i-shqiptarit-u-copetua-me-sharre-elektrike","10":"tag-video-u-gjet-i-vdekur-ne-greqi"},"_links":{"self":[{"href":"https:\/\/jugulajm.net\/index.php?rest_route=\/wp\/v2\/posts\/52623","targetHints":{"allow":["GET"]}}],"collection":[{"href":"https:\/\/jugulajm.net\/index.php?rest_route=\/wp\/v2\/posts"}],"about":[{"href":"https:\/\/jugulajm.net\/index.php?rest_route=\/wp\/v2\/types\/post"}],"author":[{"embeddable":true,"href":"https:\/\/jugulajm.net\/index.php?rest_route=\/wp\/v2\/users\/5"}],"replies":[{"embeddable":true,"href":"https:\/\/jugulajm.net\/index.php?rest_route=%2Fwp%2Fv2%2Fcomments&post=52623"}],"version-history":[{"count":0,"href":"https:\/\/jugulajm.net\/index.php?rest_route=\/wp\/v2\/posts\/52623\/revisions"}],"wp:featuredmedia":[{"embeddable":true,"href":"https:\/\/jugulajm.net\/index.php?rest_route=\/wp\/v2\/media\/52624"}],"wp:attachment":[{"href":"https:\/\/jugulajm.net\/index.php?rest_route=%2Fwp%2Fv2%2Fmedia&parent=52623"}],"wp:term":[{"taxonomy":"category","embeddable":true,"href":"https:\/\/jugulajm.net\/index.php?rest_route=%2Fwp%2Fv2%2Fcategories&post=52623"},{"taxonomy":"post_tag","embeddable":true,"href":"https:\/\/jugulajm.net\/index.php?rest_route=%2Fwp%2Fv2%2Ftags&post=52623"}],"curies":[{"name":"wp","href":"https:\/\/api.w.org\/{rel}","templated":true}]}}