{"id":52256,"date":"2022-10-31T11:31:08","date_gmt":"2022-10-31T10:31:08","guid":{"rendered":"https:\/\/jugulajm.net\/?p=52256"},"modified":"2022-10-31T11:33:34","modified_gmt":"2022-10-31T10:33:34","slug":"estrade-ne-komisionin-parlamentar-ministrja-muzhaqi-sja-ka-haberin-shifrave-duma-e-nxjerr-jashte-komisionit","status":"publish","type":"post","link":"https:\/\/jugulajm.net\/?p=52256","title":{"rendered":"Estrad\u00eb n\u00eb Komisionin Parlamentar\/ Ministrja Muzhaqi s&#8217;ja ka haberin shifrave, Duma e nxjerr jasht\u00eb komisionit"},"content":{"rendered":"<p>Buxheti i Ministris\u00eb s\u00eb Shtetit p\u00ebr Rinin\u00eb ka shkaktuar debate t\u00eb forta n\u00eb mbledhjen e Komisionit t\u00eb \u00c7\u00ebshtjeve Sociale, \u00e7\u2019ka ka detyruar Kryetaren e k\u00ebtij komisioni Grida Duma, t\u00eb mbyll\u00eb mbledhjen para kohe.<\/p>\n<p>Shkak \u00ebsht\u00eb b\u00ebr\u00eb fakti q\u00eb ministrja Bora Muzhaqi, nuk e kishte n\u00eb komision shifr\u00ebn se sa f\u00ebmij\u00eb dhe t\u00eb rinj ka Shqip\u00ebria sot, \u00e7ka \u00ebsht\u00eb konsideruar nga opozita si e pap\u00ebrgatitur p\u00ebr mbledhjen.<\/p>\n<p><strong>Ja debati:<\/strong><\/p>\n<p><strong>Duma:\u00a0<\/strong>Sa t\u00eb rinj dhe f\u00ebmij\u00eb ka Shqip\u00ebria n\u00eb vitin 2021, 2022 dhe 2023? E keni shifr\u00ebn?<\/p>\n<div id=\"rekl-13\">\n<div id=\"__sap-ad-15\" class=\"__sap-ads __sap-html tracked\" data-title=\"Credins desktop Brenda lajmit 08\"><strong>Muzhaqi:<\/strong>\u00a0Patjet\u00ebr q\u00eb e kemi, nuk mendova q\u00eb do m\u00eb pyesnit sot p\u00ebr k\u00ebt\u00eb.<\/div>\n<\/div>\n<div id=\"rekl-57\"><\/div>\n<p><strong>Duma:<\/strong>\u00a0Si e b\u00ebni ju buxhetin. Sa t\u00eb rinj ka Shqip\u00ebria sot? Dhe sa f\u00ebmij\u00eb? Kur b\u00ebni strategjin\u00eb p\u00ebr t\u00eb rinjt\u00eb dhe f\u00ebmij\u00ebt, duhet ta dini se sa nga taksat e shqiptar\u00ebve shkojn\u00eb p\u00ebr f\u00ebmij\u00ebt dhe t\u00eb rinjt\u00eb. Un\u00eb e di q\u00eb \u00ebsht\u00eb e v\u00ebshtir\u00eb p\u00ebr ju se k\u00ebshtu ka qen\u00eb gjithmon\u00eb.<\/p>\n<p><strong>Muzhaqi:<\/strong>\u00a0Jo, nuk \u00ebsht\u00eb e v\u00ebshtir\u00eb. Kjo pyetje \u00ebsht\u00eb ezauruar tashm\u00eb dhe do kaloj te pyetja tjet\u00ebr. Ju nuk po m\u00eb lini t\u00eb p\u00ebrgjigjem. Shifr\u00ebn sapo ua dhash\u00eb.<\/p>\n<p><strong>Duma:<\/strong>\u00a0Nuk e dhat\u00eb shifr\u00ebn.<\/p>\n<p><strong>Muzhaqi:<\/strong>\u00a0Mund t\u00eb hapni INSTAT-in dhe ta shihni.<\/p>\n<p><strong>Duma:<\/strong>\u00a0Jo, nuk e kemi INSTAT. Problemi kryesor \u00ebsht\u00eb q\u00eb rinia ik\u00ebn nga vendi dhe nuk b\u00ebhet nj\u00eb krahasim mes 2022 dhe 2021.<\/p>\n<p><strong>Metaj:<\/strong>\u00a0Ju po flisni pa etik\u00eb (i\u00a0drejtohet Dum\u00ebs).<\/p>\n<p><strong>Duma:<\/strong>\u00a0Mbylleni komisionin.<\/p>\n<p><strong>Vokshi:<\/strong>\u00a0Ministrja nuk mund t\u00eb vij\u00eb aty dhe t\u00eb p\u00ebrgjigjet ashtu.<\/p>\n","protected":false},"excerpt":{"rendered":"<p>Buxheti i Ministris\u00eb s\u00eb Shtetit p\u00ebr Rinin\u00eb ka shkaktuar debate t\u00eb forta n\u00eb mbledhjen e Komisionit t\u00eb \u00c7\u00ebshtjeve Sociale, \u00e7\u2019ka ka detyruar Kryetaren e k\u00ebtij komisioni Grida Duma, t\u00eb mbyll\u00eb mbledhjen para kohe. Shkak \u00ebsht\u00eb b\u00ebr\u00eb fakti q\u00eb ministrja Bora Muzhaqi, nuk e kishte n\u00eb komision shifr\u00ebn se sa f\u00ebmij\u00eb dhe t\u00eb rinj ka Shqip\u00ebria [&hellip;]<\/p>\n","protected":false},"author":5,"featured_media":52258,"comment_status":"open","ping_status":"open","sticky":false,"template":"","format":"standard","meta":{"footnotes":""},"categories":[6326,6332],"tags":[20211,20210],"class_list":{"0":"post-52256","1":"post","2":"type-post","3":"status-publish","4":"format-standard","5":"has-post-thumbnail","7":"category-politike","8":"category-te-fundit","9":"tag-duma-e-nxjerr-jashte-komisionit","10":"tag-estrade-ne-komisionin-parlamentar-ministrja-muzhaqi-sja-ka-haberin-shifrave"},"_links":{"self":[{"href":"https:\/\/jugulajm.net\/index.php?rest_route=\/wp\/v2\/posts\/52256","targetHints":{"allow":["GET"]}}],"collection":[{"href":"https:\/\/jugulajm.net\/index.php?rest_route=\/wp\/v2\/posts"}],"about":[{"href":"https:\/\/jugulajm.net\/index.php?rest_route=\/wp\/v2\/types\/post"}],"author":[{"embeddable":true,"href":"https:\/\/jugulajm.net\/index.php?rest_route=\/wp\/v2\/users\/5"}],"replies":[{"embeddable":true,"href":"https:\/\/jugulajm.net\/index.php?rest_route=%2Fwp%2Fv2%2Fcomments&post=52256"}],"version-history":[{"count":0,"href":"https:\/\/jugulajm.net\/index.php?rest_route=\/wp\/v2\/posts\/52256\/revisions"}],"wp:featuredmedia":[{"embeddable":true,"href":"https:\/\/jugulajm.net\/index.php?rest_route=\/wp\/v2\/media\/52258"}],"wp:attachment":[{"href":"https:\/\/jugulajm.net\/index.php?rest_route=%2Fwp%2Fv2%2Fmedia&parent=52256"}],"wp:term":[{"taxonomy":"category","embeddable":true,"href":"https:\/\/jugulajm.net\/index.php?rest_route=%2Fwp%2Fv2%2Fcategories&post=52256"},{"taxonomy":"post_tag","embeddable":true,"href":"https:\/\/jugulajm.net\/index.php?rest_route=%2Fwp%2Fv2%2Ftags&post=52256"}],"curies":[{"name":"wp","href":"https:\/\/api.w.org\/{rel}","templated":true}]}}