{"id":52110,"date":"2022-10-28T08:39:57","date_gmt":"2022-10-28T06:39:57","guid":{"rendered":"https:\/\/jugulajm.net\/?p=52110"},"modified":"2022-10-28T08:39:57","modified_gmt":"2022-10-28T06:39:57","slug":"mitsotakis-gati-ti-shtrijme-doren-e-miqesise-turqise","status":"publish","type":"post","link":"https:\/\/jugulajm.net\/?p=52110","title":{"rendered":"Mitsotakis: Gati t\u2019i shtrijm\u00eb dor\u00ebn e miq\u00ebsis\u00eb Turqis\u00eb"},"content":{"rendered":"<p>Greqia \u00ebsht\u00eb gati t\u2019i shtrij\u00eb dor\u00ebn e miq\u00ebsis\u00eb fqinjes dhe rivales s\u00eb saj n\u00eb rajon, Turqis\u00eb, tha kryeministri grek t\u00eb enjten, edhe pse akuzoi presidentin turk se po nxit ndjenjat anti-greke n\u00eb vendin e tij.<\/p>\n<p>Tensionet jan\u00eb p\u00ebrshkall\u00ebzuar mes dy aleat\u00ebve t\u00eb NATO-s, q\u00eb ndahen p\u00ebr nj\u00eb seri \u00e7\u00ebshtjesh dhe q\u00eb kan\u00eb qen\u00eb n\u00eb prag t\u00eb luft\u00ebs tre her\u00eb n\u00eb 50 vitet e fundit.<\/p>\n<p>\u201cD\u00ebshiroj q\u00eb edhe pse me vones\u00eb, fqinj\u00ebt tan\u00eb t\u00eb zgjedhin rrug\u00ebn e uljes s\u00eb tensioneve, ligjit, bashk\u00ebjetes\u00ebs n\u00eb paqe, pa shp\u00ebrthime retorikash dhe me veprime konstruktive\u201d, tha kryeministri grek Kyriakos Mitsotakis pas takimit me kancelarin gjerman, Olaf Scholz, n\u00eb Athin\u00eb.<\/p>\n<p>\u201cNga ana ime, ata do t\u00eb ken\u00eb gatishm\u00ebrin\u00eb p\u00ebr t\u00eb shtrir\u00eb doren e miq\u00ebsis\u00eb. Nuk kemi m\u00eb koh\u00eb p\u00ebr arsye t\u00eb panevojshme q\u00eb nxisin tension\u201d, tha zoti Mitsotakis, duke shtuar se mosmarr\u00ebveshjet duhet t\u00eb zgjidhen ne m\u00ebnyr\u00eb paq\u00ebsore. \u201cKjo \u00ebsht\u00eb ajo q\u00eb do populli yn\u00eb, q\u00eb duan njer\u00ebzit n\u00eb Greqi, q\u00eb duan njer\u00ebzit n\u00eb Turqi, kjo \u00ebsht\u00eb ajo q\u00eb do e gjith\u00eb Europa\u201d.<\/p>\n<p>Mosmarr\u00ebveshjet midis Greqis\u00eb dhe Turqis\u00eb p\u00ebrfshijn\u00eb kufijt\u00eb detar\u00eb n\u00eb Egje dhe Mesdheun lindor q\u00eb prekin t\u00eb drejtat e k\u00ebrkimit p\u00ebr naft\u00eb e gaz. Turqia ka sulmuar gjithashtu Greqin\u00eb p\u00ebr prezenc\u00eb ushtarake n\u00eb ishujt lindor\u00eb grek\u00eb, q\u00eb sipas saj, \u00ebsht\u00eb n\u00eb shkelje t\u00eb traktateve nd\u00ebrkomb\u00ebtare.<\/p>\n<p>Greqia kund\u00ebrshton duke u shprehur se k\u00ebrc\u00ebnohet drejtp\u00ebrdrejt\u00eb nga Turqia, e cila ka nj\u00eb prani t\u00eb konsiderueshme ushtarake n\u00eb bregdetin turk p\u00ebrball\u00eb ishujve dhe ka reaguar me tmerr ndaj deklaratave t\u00eb zyrtar\u00ebve turq q\u00eb kan\u00eb l\u00ebn\u00eb t\u00eb kuptohet se sovraniteti i disa ishujve t\u00eb banuar grek\u00eb mund t\u00eb kontestohet.<\/p>\n<p>\u201cVendet partnere n\u00eb NATO nuk mund t\u00eb v\u00ebn\u00eb n\u00eb pik\u00ebpyetje sovranitetin e nj\u00ebrit apo tjetrit shtet\u201d, tha Scholz n\u00eb konferenc\u00ebn e p\u00ebrbashk\u00ebt me Mitsotakis pas takimit. \u201cT\u00eb gjitha \u00e7\u00ebshtjet duhet t\u00eb zgjidhen mbi baz\u00ebn e dialogut dhe ligjit nd\u00ebrkomb\u00ebtar. Ne jemi shum\u00eb dakord p\u00ebr k\u00ebt\u00eb\u201d.<\/p>\n<p>Mitsotakis tha se \u201cishte p\u00ebr t\u00eb ardhur v\u00ebrtet keq q\u00eb Presidenti Recep Tayyip Erdogan po ndjek nj\u00eb udh\u00eb pa krye duke helmuar popullin e tij me g\u00ebnjeshtra kund\u00ebr Greqis\u00eb. Sepse fqinj\u00ebt dhe aleat\u00ebt tan\u00eb e din\u00eb se ishujt greke nuk jan\u00eb k\u00ebrc\u00ebnim p\u00ebr ask\u00ebnd\u201d.<\/p>\n<p>Kancelari gjerman tha se ishte \u201cn\u00eb interes t\u00eb t\u00eb gjith\u00eb fqinj\u00ebve\u201d shfryt\u00ebzimi i t\u00eb gjith\u00eb potencialit ekonomik t\u00eb Mesdheut. \u201cGjat\u00eb bisedimeve mu krijua p\u00ebrshtypja se Greqia \u00ebsht\u00eb shum\u00eb e gatshme ta b\u00ebj\u00eb k\u00ebt\u00eb. Ne mundemi dhe duhet ta besojm\u00eb k\u00ebt\u00eb\u201d.<\/p>\n","protected":false},"excerpt":{"rendered":"<p>Greqia \u00ebsht\u00eb gati t\u2019i shtrij\u00eb dor\u00ebn e miq\u00ebsis\u00eb fqinjes dhe rivales s\u00eb saj n\u00eb rajon, Turqis\u00eb, tha kryeministri grek t\u00eb enjten, edhe pse akuzoi presidentin turk se po nxit ndjenjat anti-greke n\u00eb vendin e tij. Tensionet jan\u00eb p\u00ebrshkall\u00ebzuar mes dy aleat\u00ebve t\u00eb NATO-s, q\u00eb ndahen p\u00ebr nj\u00eb seri \u00e7\u00ebshtjesh dhe q\u00eb kan\u00eb qen\u00eb n\u00eb prag [&hellip;]<\/p>\n","protected":false},"author":5,"featured_media":52111,"comment_status":"open","ping_status":"open","sticky":false,"template":"","format":"standard","meta":{"footnotes":""},"categories":[1,6332],"tags":[20163],"class_list":{"0":"post-52110","1":"post","2":"type-post","3":"status-publish","4":"format-standard","5":"has-post-thumbnail","7":"category-aktualitet","8":"category-te-fundit","9":"tag-mitsotakis-gati-ti-shtrijme-doren-e-miqesise-turqise"},"_links":{"self":[{"href":"https:\/\/jugulajm.net\/index.php?rest_route=\/wp\/v2\/posts\/52110","targetHints":{"allow":["GET"]}}],"collection":[{"href":"https:\/\/jugulajm.net\/index.php?rest_route=\/wp\/v2\/posts"}],"about":[{"href":"https:\/\/jugulajm.net\/index.php?rest_route=\/wp\/v2\/types\/post"}],"author":[{"embeddable":true,"href":"https:\/\/jugulajm.net\/index.php?rest_route=\/wp\/v2\/users\/5"}],"replies":[{"embeddable":true,"href":"https:\/\/jugulajm.net\/index.php?rest_route=%2Fwp%2Fv2%2Fcomments&post=52110"}],"version-history":[{"count":0,"href":"https:\/\/jugulajm.net\/index.php?rest_route=\/wp\/v2\/posts\/52110\/revisions"}],"wp:featuredmedia":[{"embeddable":true,"href":"https:\/\/jugulajm.net\/index.php?rest_route=\/wp\/v2\/media\/52111"}],"wp:attachment":[{"href":"https:\/\/jugulajm.net\/index.php?rest_route=%2Fwp%2Fv2%2Fmedia&parent=52110"}],"wp:term":[{"taxonomy":"category","embeddable":true,"href":"https:\/\/jugulajm.net\/index.php?rest_route=%2Fwp%2Fv2%2Fcategories&post=52110"},{"taxonomy":"post_tag","embeddable":true,"href":"https:\/\/jugulajm.net\/index.php?rest_route=%2Fwp%2Fv2%2Ftags&post=52110"}],"curies":[{"name":"wp","href":"https:\/\/api.w.org\/{rel}","templated":true}]}}