{"id":52078,"date":"2022-10-27T09:11:22","date_gmt":"2022-10-27T07:11:22","guid":{"rendered":"https:\/\/jugulajm.net\/?p=52078"},"modified":"2022-10-27T09:11:22","modified_gmt":"2022-10-27T07:11:22","slug":"greqi-arrestohet-ne-korfuz-shqiptari-i-shumekerkuar-akuzohet-per-vrasje","status":"publish","type":"post","link":"https:\/\/jugulajm.net\/?p=52078","title":{"rendered":"Greqi\/ Arrestohet n\u00eb Korfuz shqiptari i shum\u00ebk\u00ebrkuar, akuzohet p\u00ebr vrasje"},"content":{"rendered":"<p>Arrestohet n\u00eb Korfuz nj\u00eb shqiptar i shum\u00ebk\u00ebrkuar. Shqiptari \u00ebsht\u00eb kapur n\u00eb Kasiopi, n\u00eb zon\u00ebn m\u00eb t\u00eb af\u00ebrt me Shqip\u00ebrin\u00eb. 35-vje\u00e7ari \u00ebsht\u00eb i d\u00ebnuar me 4 vjet e 6 muaj burg p\u00ebr vrasje me dashje nga Gjykata e Athin\u00ebs, nd\u00ebrsa akuzohet se n\u00eb bashk\u00ebpunim me dy shqiptar\u00eb t\u00eb tjer\u00eb, n\u00eb 11 dhjetor 2016 ka vrar\u00eb n\u00eb Athin\u00eb nj\u00eb shtetas afgan.<\/p>\n<p>Viktima po arg\u00ebtohej n\u00eb nj\u00eb lokal n\u00eb zon\u00eb dhe nd\u00ebrsa ishte i dehur u grind me tre shqiptar\u00ebt. N\u00eb momentin q\u00eb po hynte n\u00eb makin\u00eb, afgani u q\u00ebllua me arm\u00eb n\u00eb kok\u00eb nga shqiptari q\u00eb u kap ne Korfuz.<\/p>\n<p>Policia pas disa kohesh identifikoi dy 27-vje\u00e7ar\u00ebt n\u00eb at\u00eb koh\u00eb, arrestoi nj\u00ebrin dhe tjetrit i dha urdh\u00ebr arresti pasi ndodhej n\u00eb burg, nd\u00ebrsa autori kryesor u tha se ishte larguar jasht\u00eb shtetit.<\/p>\n<p>Ky i fundit rezultonte kreu i nj\u00eb grupi q\u00eb trafikonte drog\u00eb e klandestin\u00eb nd\u00ebrkoh\u00eb q\u00eb ishte akuzuar dhe p\u00ebr qarkullim t\u00eb kart\u00ebmonedhave false. Dyshohet se ai \u00ebsht\u00eb kthyer n\u00eb Shqip\u00ebri dhe n\u00eb m\u00ebnyr\u00eb t\u00eb paligjshme \u00ebsht\u00eb s\u00ebrish futur n\u00eb Korfuz.<\/p>\n","protected":false},"excerpt":{"rendered":"<p>Arrestohet n\u00eb Korfuz nj\u00eb shqiptar i shum\u00ebk\u00ebrkuar. Shqiptari \u00ebsht\u00eb kapur n\u00eb Kasiopi, n\u00eb zon\u00ebn m\u00eb t\u00eb af\u00ebrt me Shqip\u00ebrin\u00eb. 35-vje\u00e7ari \u00ebsht\u00eb i d\u00ebnuar me 4 vjet e 6 muaj burg p\u00ebr vrasje me dashje nga Gjykata e Athin\u00ebs, nd\u00ebrsa akuzohet se n\u00eb bashk\u00ebpunim me dy shqiptar\u00eb t\u00eb tjer\u00eb, n\u00eb 11 dhjetor 2016 ka vrar\u00eb n\u00eb [&hellip;]<\/p>\n","protected":false},"author":5,"featured_media":52079,"comment_status":"open","ping_status":"open","sticky":false,"template":"","format":"standard","meta":{"footnotes":""},"categories":[1,6332],"tags":[20150,20149],"class_list":{"0":"post-52078","1":"post","2":"type-post","3":"status-publish","4":"format-standard","5":"has-post-thumbnail","7":"category-aktualitet","8":"category-te-fundit","9":"tag-akuzohet-per-vrasje","10":"tag-greqi-arrestohet-ne-korfuz-shqiptari-i-shumekerkuar"},"_links":{"self":[{"href":"https:\/\/jugulajm.net\/index.php?rest_route=\/wp\/v2\/posts\/52078","targetHints":{"allow":["GET"]}}],"collection":[{"href":"https:\/\/jugulajm.net\/index.php?rest_route=\/wp\/v2\/posts"}],"about":[{"href":"https:\/\/jugulajm.net\/index.php?rest_route=\/wp\/v2\/types\/post"}],"author":[{"embeddable":true,"href":"https:\/\/jugulajm.net\/index.php?rest_route=\/wp\/v2\/users\/5"}],"replies":[{"embeddable":true,"href":"https:\/\/jugulajm.net\/index.php?rest_route=%2Fwp%2Fv2%2Fcomments&post=52078"}],"version-history":[{"count":0,"href":"https:\/\/jugulajm.net\/index.php?rest_route=\/wp\/v2\/posts\/52078\/revisions"}],"wp:featuredmedia":[{"embeddable":true,"href":"https:\/\/jugulajm.net\/index.php?rest_route=\/wp\/v2\/media\/52079"}],"wp:attachment":[{"href":"https:\/\/jugulajm.net\/index.php?rest_route=%2Fwp%2Fv2%2Fmedia&parent=52078"}],"wp:term":[{"taxonomy":"category","embeddable":true,"href":"https:\/\/jugulajm.net\/index.php?rest_route=%2Fwp%2Fv2%2Fcategories&post=52078"},{"taxonomy":"post_tag","embeddable":true,"href":"https:\/\/jugulajm.net\/index.php?rest_route=%2Fwp%2Fv2%2Ftags&post=52078"}],"curies":[{"name":"wp","href":"https:\/\/api.w.org\/{rel}","templated":true}]}}