{"id":52072,"date":"2022-10-27T08:47:43","date_gmt":"2022-10-27T06:47:43","guid":{"rendered":"https:\/\/jugulajm.net\/?p=52072"},"modified":"2022-10-27T08:47:43","modified_gmt":"2022-10-27T06:47:43","slug":"per-nje-gardh-ndiqet-penalisht-74-vjecarja-invalide-por-jo-oligarket-e-superpallateve","status":"publish","type":"post","link":"https:\/\/jugulajm.net\/?p=52072","title":{"rendered":"P\u00ebr nj\u00eb gardh ndiqet penalisht 74-vje\u00e7arja invalide, por jo oligark\u00ebt e superpallateve"},"content":{"rendered":"<p>Pallate dhe kate pa leje u sekuestruan me nj\u00eb vendim t\u00eb nxjerr\u00eb me urgjenc\u00eb nga qeveria.<\/p>\n<p>Por asnj\u00eb nga nd\u00ebrtuesit e tyre nuk p\u00ebrfundoi n\u00eb burg. Ligji \u00ebsht\u00eb treguar m\u00eb i ashp\u00ebr me m\u00eb t\u00eb varfrit q\u00eb jan\u00eb arrestuar dhe v\u00ebn\u00eb n\u00eb ndjekje penale edhe p\u00ebr nj\u00eb gardh.<\/p>\n<p>Kjo \u00ebsht\u00eb Bihane Shaba 74 vje\u00e7 e cila jeton e vetme n\u00eb nj\u00eb banes\u00eb 24 metra katror n\u00eb Shkoz\u00eb.<\/p>\n<p>Sht\u00ebpin\u00eb e nd\u00ebrtuar me shum\u00eb mundim pas vdekjes s\u00eb bashk\u00ebshortit m\u00eb shum\u00eb se 20 vite m\u00eb par\u00eb nj\u00eb shkarje dheu rrezikon t\u2019ia shembe.<\/p>\n<p>N\u00eb pamund\u00ebsi fizike dhe ekonomike ajo k\u00ebrkoi ndihm\u00ebn e t\u00eb af\u00ebrmve p\u00ebr t\u00eb v\u00ebn\u00eb disa hekura q\u00eb t\u00eb parandaloj\u00eb shkarjen e m\u00ebtejshme t\u00eb dheut. Por kjo nd\u00ebrhyrje u cil\u00ebsua shkelje ligji e nd\u00ebrtim pa leje.<\/p>\n<p>P\u00ebr shkak t\u00eb mosh\u00ebs policia e Tiran\u00ebs e procedoi penalisht n\u00eb gjendje t\u00eb lir\u00eb t\u00eb moshuar\u00ebn.<\/p>\n<p><em>\u201cI vura k\u00ebto hekura vet\u00ebm p\u00ebr t\u00eb m\u00eb mbajtur sht\u00ebpin\u00eb mos m\u00eb shembet. Erdhi policia tha \u00ebsht\u00eb nd\u00ebrtim pa leje. E lash\u00eb t\u00eb b\u00ebhet sit \u00eb b\u00ebhet vet\u00ebm qeveria dhe policia t\u00eb jen\u00eb t\u00eb k\u00ebnaqura. E kam b\u00ebr\u00eb me shum\u00eb mundim k\u00ebt\u00eb sht\u00ebpi se ka 26 vite q\u00eb m\u00eb ka vdekur burri.<\/em>\u201d-\u00a0tha Bihane Shaba.<\/p>\n<p>Para se t\u00eb b\u00ebnte k\u00ebt\u00eb nd\u00ebrhyrje mir\u00ebmbajtje Bihane Shaba vuri n\u00eb dijeni autoritetet por ato e orientuan drejt aplikimit online t\u00eb cil\u00ebn e moshuara nuk e kryente dot.<\/p>\n<p>Ligji p\u00ebr nd\u00ebrtimet pa leje godet shum\u00eb r\u00ebnd\u00eb qytetar\u00eb t\u00eb thjesht\u00eb q\u00eb nd\u00ebrtojn\u00eb nj\u00eb mur oborri, hapin nj\u00eb dritare apo riparojn\u00eb banesat e d\u00ebmtuara. Ne vitet e fundit k\u00ebrrbaci i ligjit ka futur n\u00eb burg, gjobitur me mij\u00ebra shqiptar\u00eb. Por ligji i Maliqit nuk i prek t\u00eb paprekshmit q\u00eb kan\u00eb miq e shok\u00eb e kliente n\u00eb qeveri si\u00e7 \u00ebsht\u00eb edhe nd\u00ebrtuesi i k\u00ebtij pallati mister me 9 kate pa leje. N\u00eb Shqip\u00ebri jo t\u00eb gjith\u00eb jan\u00eb t\u00eb barabart\u00eb para ligjit, ata q\u00eb shkojn\u00eb n\u00eb burg jan\u00eb njer\u00ebzit e thjesht\u00eb nd\u00ebrsa oligark\u00ebt me kate e pallate pa leje nuk preken.<\/p>\n","protected":false},"excerpt":{"rendered":"<p>Pallate dhe kate pa leje u sekuestruan me nj\u00eb vendim t\u00eb nxjerr\u00eb me urgjenc\u00eb nga qeveria. Por asnj\u00eb nga nd\u00ebrtuesit e tyre nuk p\u00ebrfundoi n\u00eb burg. Ligji \u00ebsht\u00eb treguar m\u00eb i ashp\u00ebr me m\u00eb t\u00eb varfrit q\u00eb jan\u00eb arrestuar dhe v\u00ebn\u00eb n\u00eb ndjekje penale edhe p\u00ebr nj\u00eb gardh. Kjo \u00ebsht\u00eb Bihane Shaba 74 vje\u00e7 e [&hellip;]<\/p>\n","protected":false},"author":5,"featured_media":52073,"comment_status":"open","ping_status":"open","sticky":false,"template":"","format":"standard","meta":{"footnotes":""},"categories":[1,6332],"tags":[20146,20147],"class_list":{"0":"post-52072","1":"post","2":"type-post","3":"status-publish","4":"format-standard","5":"has-post-thumbnail","7":"category-aktualitet","8":"category-te-fundit","9":"tag-per-nje-gardh-ndiqet-penalisht-74-vjecarja-invalide","10":"tag-por-jo-oligarket-e-superpallateve"},"_links":{"self":[{"href":"https:\/\/jugulajm.net\/index.php?rest_route=\/wp\/v2\/posts\/52072","targetHints":{"allow":["GET"]}}],"collection":[{"href":"https:\/\/jugulajm.net\/index.php?rest_route=\/wp\/v2\/posts"}],"about":[{"href":"https:\/\/jugulajm.net\/index.php?rest_route=\/wp\/v2\/types\/post"}],"author":[{"embeddable":true,"href":"https:\/\/jugulajm.net\/index.php?rest_route=\/wp\/v2\/users\/5"}],"replies":[{"embeddable":true,"href":"https:\/\/jugulajm.net\/index.php?rest_route=%2Fwp%2Fv2%2Fcomments&post=52072"}],"version-history":[{"count":0,"href":"https:\/\/jugulajm.net\/index.php?rest_route=\/wp\/v2\/posts\/52072\/revisions"}],"wp:featuredmedia":[{"embeddable":true,"href":"https:\/\/jugulajm.net\/index.php?rest_route=\/wp\/v2\/media\/52073"}],"wp:attachment":[{"href":"https:\/\/jugulajm.net\/index.php?rest_route=%2Fwp%2Fv2%2Fmedia&parent=52072"}],"wp:term":[{"taxonomy":"category","embeddable":true,"href":"https:\/\/jugulajm.net\/index.php?rest_route=%2Fwp%2Fv2%2Fcategories&post=52072"},{"taxonomy":"post_tag","embeddable":true,"href":"https:\/\/jugulajm.net\/index.php?rest_route=%2Fwp%2Fv2%2Ftags&post=52072"}],"curies":[{"name":"wp","href":"https:\/\/api.w.org\/{rel}","templated":true}]}}