{"id":52061,"date":"2022-10-26T19:51:45","date_gmt":"2022-10-26T17:51:45","guid":{"rendered":"https:\/\/jugulajm.net\/?p=52061"},"modified":"2022-10-26T19:53:53","modified_gmt":"2022-10-26T17:53:53","slug":"i-permenden-gjyshin-spermbahet-belinda","status":"publish","type":"post","link":"https:\/\/jugulajm.net\/?p=52061","title":{"rendered":"I p\u00ebrmend\u00ebn gjyshin, s&#8217;p\u00ebrmbahet Belinda"},"content":{"rendered":"<p>Gjat\u00eb koh\u00ebs kur kryeministri Rama po fliste p\u00ebr dosjet e Sigurimit n\u00eb seanc\u00ebn e fundit parlamentare, ai u p\u00ebrfshi n\u00eb replika me deputet\u00ebt e PD-s\u00eb.<\/p>\n<p>Disa prej tyre duke e akuzuar p\u00ebr hipokrizi i kujtuan se pjes\u00eb t\u00eb kabinetit kishte edhe pasardh\u00ebs t\u00eb ish-drejtuesve komunist\u00eb, mes t\u00eb cil\u00ebve u p\u00ebrmend edhe Belinda Balluku, mbesa e Beqir Ballukut.<\/p>\n<p>Zv.kryeministrja i komentoi deklaratat nga parlamenti n\u00eb nj\u00eb intervist\u00eb p\u00ebr Eurone\u00ebs Albania duke e quajtur k\u00ebt\u00eb nj\u00eb nga sportet m\u00eb t\u00eb ndyra t\u00eb kuvendit.<\/p>\n<p><em>\u201cNj\u00eb fakt q\u00eb nuk mohon dot askush p\u00ebr familjen time, p\u00ebr familjen Balluku dhe nuk flas k\u00ebtu p\u00ebr farefisin, po flas k\u00ebtu p\u00ebr gjyshin tim, gjyshen, maman\u00eb, babain, xhaxhallar\u00ebt dhe dy hallat e mia, pra p\u00ebr familjen e ngusht\u00eb, familja ime ka n\u00eb kurriz 135 vjet burg dhe internim dhe nuk e di kush nga deputet\u00ebt e parlamentit ka goj\u00eb t\u00eb z\u00ebr\u00eb emrin e familjes time\u201d<\/em>\u00a0\u2013 u shpreh Balluku.<\/p>\n","protected":false},"excerpt":{"rendered":"<p>Gjat\u00eb koh\u00ebs kur kryeministri Rama po fliste p\u00ebr dosjet e Sigurimit n\u00eb seanc\u00ebn e fundit parlamentare, ai u p\u00ebrfshi n\u00eb replika me deputet\u00ebt e PD-s\u00eb. Disa prej tyre duke e akuzuar p\u00ebr hipokrizi i kujtuan se pjes\u00eb t\u00eb kabinetit kishte edhe pasardh\u00ebs t\u00eb ish-drejtuesve komunist\u00eb, mes t\u00eb cil\u00ebve u p\u00ebrmend edhe Belinda Balluku, mbesa e [&hellip;]<\/p>\n","protected":false},"author":5,"featured_media":44332,"comment_status":"open","ping_status":"open","sticky":false,"template":"","format":"standard","meta":{"footnotes":""},"categories":[6326,6332],"tags":[18249,20141,20142],"class_list":{"0":"post-52061","1":"post","2":"type-post","3":"status-publish","4":"format-standard","5":"has-post-thumbnail","7":"category-politike","8":"category-te-fundit","9":"tag-belinda-balluku","10":"tag-i-permenden-gjyshin","11":"tag-spermbahet-belinda"},"_links":{"self":[{"href":"https:\/\/jugulajm.net\/index.php?rest_route=\/wp\/v2\/posts\/52061","targetHints":{"allow":["GET"]}}],"collection":[{"href":"https:\/\/jugulajm.net\/index.php?rest_route=\/wp\/v2\/posts"}],"about":[{"href":"https:\/\/jugulajm.net\/index.php?rest_route=\/wp\/v2\/types\/post"}],"author":[{"embeddable":true,"href":"https:\/\/jugulajm.net\/index.php?rest_route=\/wp\/v2\/users\/5"}],"replies":[{"embeddable":true,"href":"https:\/\/jugulajm.net\/index.php?rest_route=%2Fwp%2Fv2%2Fcomments&post=52061"}],"version-history":[{"count":0,"href":"https:\/\/jugulajm.net\/index.php?rest_route=\/wp\/v2\/posts\/52061\/revisions"}],"wp:featuredmedia":[{"embeddable":true,"href":"https:\/\/jugulajm.net\/index.php?rest_route=\/wp\/v2\/media\/44332"}],"wp:attachment":[{"href":"https:\/\/jugulajm.net\/index.php?rest_route=%2Fwp%2Fv2%2Fmedia&parent=52061"}],"wp:term":[{"taxonomy":"category","embeddable":true,"href":"https:\/\/jugulajm.net\/index.php?rest_route=%2Fwp%2Fv2%2Fcategories&post=52061"},{"taxonomy":"post_tag","embeddable":true,"href":"https:\/\/jugulajm.net\/index.php?rest_route=%2Fwp%2Fv2%2Ftags&post=52061"}],"curies":[{"name":"wp","href":"https:\/\/api.w.org\/{rel}","templated":true}]}}