{"id":51983,"date":"2022-10-24T20:31:38","date_gmt":"2022-10-24T18:31:38","guid":{"rendered":"https:\/\/jugulajm.net\/?p=51983"},"modified":"2022-10-24T20:31:38","modified_gmt":"2022-10-24T18:31:38","slug":"video-protesta-te-dhunshme-ne-athine-nje-19-vjecare-u-perdhunua-nga-dy-police","status":"publish","type":"post","link":"https:\/\/jugulajm.net\/?p=51983","title":{"rendered":"VIDEO\/ Protesta t\u00eb dhunshme n\u00eb Athin\u00eb, nj\u00eb 19-vje\u00e7are u p\u00ebrdhunua nga dy polic\u00eb"},"content":{"rendered":"<p>Pak dit\u00eb m\u00eb par\u00eb,\u00a0dy oficer\u00eb t\u00eb policis\u00eb greke u arrestuan pasi akuzohen p\u00ebr p\u00ebrdhunimin e nj\u00eb 19-vje\u00e7areje n\u00eb nj\u00eb stacion policie n\u00eb qend\u00ebr t\u00eb Athin\u00ebs.<\/p>\n<p>E reja ka deklaruar se mbr\u00ebmjen e 11 tetorit \u00ebsht\u00eb p\u00ebrdhunuar n\u00eb Komisariatin e Omonis\u00eb nga dy oficer\u00eb t\u00eb policis\u00eb, nj\u00ebri 24 dhe tjetri 27-vje\u00e7. Sipas 19-vje\u00e7ares, dy polic\u00ebt i kishin k\u00ebrkuar q\u00eb t\u00eb shkonte n\u00eb Komisariat rreth or\u00ebs 23:30, dhe pasi kishte mb\u00ebrritur atje, ata e kishin \u00e7uar n\u00eb bodrum dhe e kishin p\u00ebrdhunuar t\u00eb dy me radh\u00eb.<\/p>\n<p><iframe id=\"instagram-embed-0\" class=\"instagram-media instagram-media-rendered\" src=\"https:\/\/www.instagram.com\/reel\/CkGjOFhIECg\/embed\/captioned\/?cr=1&amp;v=14&amp;wp=540&amp;rd=https%3A%2F%2Fjoq-albania.com&amp;rp=%2Fartikull%2F1075655.html#%7B%22ci%22%3A0%2C%22os%22%3A1641%2C%22ls%22%3A229%2C%22le%22%3A1480%7D\" height=\"1220\" frameborder=\"0\" scrolling=\"no\" allowfullscreen=\"allowfullscreen\" data-instgrm-payload-id=\"instagram-media-payload-0\" data-mce-fragment=\"1\"><\/iframe><\/p>\n<p>Pas p\u00ebrhapjes s\u00eb lajmit, n\u00eb Athin\u00eb pati\u00a0protesta t\u00eb shumta\u00a0n\u00eb solidaritet me 19-vje\u00e7aren q\u00eb denoncoi rastin e tmerrsh\u00ebm. K\u00ebto protesta jan\u00eb shoq\u00ebruar edhe me p\u00ebrplasje t\u00eb dhunshme mes policis\u00eb dhe qytetar\u00ebve q\u00eb protestonin. Mij\u00ebra qytetar\u00eb kan\u00eb denoncuar p\u00ebrdhunimin e 19-vje\u00e7ares n\u00eb Komisariatin e Omonias nga dy punonj\u00ebs policie dhe tentativ\u00ebn e tyre p\u00ebr t\u00eb mbuluar krimin.<\/p>\n<p>Deklarata dhe protesta e qytetar\u00ebve vjen pasi dy polic\u00ebt e rinj n\u00eb mosh\u00eb kan\u00eb mohuar akuzat e 19-vje\u00e7ares dhe kan\u00eb deklaruar se marr\u00ebdh\u00ebnia mes tyre ka qen\u00eb konsensuale.<\/p>\n<p>Qytetar\u00ebt n\u00eb Greqi po protestojn\u00eb edhe kund\u00ebr rastit t\u00eb nj\u00eb polici q\u00eb dyshohet se \u00ebsht\u00eb p\u00ebrfshir\u00eb n\u00eb nj\u00eb skandal pedofilie ku jan\u00eb t\u00eb p\u00ebrfshir\u00eb rreth 70 persona.<\/p>\n","protected":false},"excerpt":{"rendered":"<p>Pak dit\u00eb m\u00eb par\u00eb,\u00a0dy oficer\u00eb t\u00eb policis\u00eb greke u arrestuan pasi akuzohen p\u00ebr p\u00ebrdhunimin e nj\u00eb 19-vje\u00e7areje n\u00eb nj\u00eb stacion policie n\u00eb qend\u00ebr t\u00eb Athin\u00ebs. E reja ka deklaruar se mbr\u00ebmjen e 11 tetorit \u00ebsht\u00eb p\u00ebrdhunuar n\u00eb Komisariatin e Omonis\u00eb nga dy oficer\u00eb t\u00eb policis\u00eb, nj\u00ebri 24 dhe tjetri 27-vje\u00e7. Sipas 19-vje\u00e7ares, dy polic\u00ebt i [&hellip;]<\/p>\n","protected":false},"author":5,"featured_media":51984,"comment_status":"open","ping_status":"open","sticky":false,"template":"","format":"standard","meta":{"footnotes":""},"categories":[1,6332],"tags":[20103,20102],"class_list":{"0":"post-51983","1":"post","2":"type-post","3":"status-publish","4":"format-standard","5":"has-post-thumbnail","7":"category-aktualitet","8":"category-te-fundit","9":"tag-nje-19-vjecare-u-perdhunua-nga-dy-police","10":"tag-video-protesta-te-dhunshme-ne-athine"},"_links":{"self":[{"href":"https:\/\/jugulajm.net\/index.php?rest_route=\/wp\/v2\/posts\/51983","targetHints":{"allow":["GET"]}}],"collection":[{"href":"https:\/\/jugulajm.net\/index.php?rest_route=\/wp\/v2\/posts"}],"about":[{"href":"https:\/\/jugulajm.net\/index.php?rest_route=\/wp\/v2\/types\/post"}],"author":[{"embeddable":true,"href":"https:\/\/jugulajm.net\/index.php?rest_route=\/wp\/v2\/users\/5"}],"replies":[{"embeddable":true,"href":"https:\/\/jugulajm.net\/index.php?rest_route=%2Fwp%2Fv2%2Fcomments&post=51983"}],"version-history":[{"count":0,"href":"https:\/\/jugulajm.net\/index.php?rest_route=\/wp\/v2\/posts\/51983\/revisions"}],"wp:featuredmedia":[{"embeddable":true,"href":"https:\/\/jugulajm.net\/index.php?rest_route=\/wp\/v2\/media\/51984"}],"wp:attachment":[{"href":"https:\/\/jugulajm.net\/index.php?rest_route=%2Fwp%2Fv2%2Fmedia&parent=51983"}],"wp:term":[{"taxonomy":"category","embeddable":true,"href":"https:\/\/jugulajm.net\/index.php?rest_route=%2Fwp%2Fv2%2Fcategories&post=51983"},{"taxonomy":"post_tag","embeddable":true,"href":"https:\/\/jugulajm.net\/index.php?rest_route=%2Fwp%2Fv2%2Ftags&post=51983"}],"curies":[{"name":"wp","href":"https:\/\/api.w.org\/{rel}","templated":true}]}}