{"id":51973,"date":"2022-10-24T15:36:26","date_gmt":"2022-10-24T13:36:26","guid":{"rendered":"https:\/\/jugulajm.net\/?p=51973"},"modified":"2022-10-24T15:36:26","modified_gmt":"2022-10-24T13:36:26","slug":"ylli-asllani-pse-nuk-po-zhvillohet-ffk-i-gjirokastres","status":"publish","type":"post","link":"https:\/\/jugulajm.net\/?p=51973","title":{"rendered":"Ylli Asllani: Pse nuk po zhvillohet FFK i Gjirokastr\u00ebs?"},"content":{"rendered":"<p><strong>Nga<\/strong> <strong>Ylli<\/strong><strong> Asllani ish-Kryetar i Bashkis\u00eb Gjirokast\u00ebr<\/strong><\/p>\n<p>Gazeta \u201cFestivali 2000\u201d q\u00eb m\u00eb d\u00ebrgoi miku im, Stefan Arseni, p\u00ebrve\u00e7 k\u00ebnaq\u00ebsis\u00eb s\u00eb suksesit t\u00eb nj\u00eb projekti artistik t\u00eb dikursh\u00ebm, m\u00eb ngjalli trishtim! P\u00ebr t\u00eb gjith\u00eb mbart\u00ebsit dhe t\u00eb apasionuarit e folklorit, po b\u00ebhen dy vite q\u00eb ka ngelur pa p\u00ebrgjigje pyetja: \u201cPse nuk po organizohet FFK i Gjirokastr\u00ebs?\u201d Nga festivali i fundit n\u00eb vitin 2015 kan\u00eb kaluar 7 vite dhe askush nuk e v\u00eb ujin n\u00eb zjarr p\u00ebr ngjarjen artistike m\u00eb t\u00eb r\u00ebnd\u00ebsishme t\u00eb Kombit, FFK \u2013 Nj\u00eb nga thesaret e patjet\u00ebrsueshme t\u00eb indetitetit ton\u00eb si shqiptar\u00eb! E v\u00ebrteta e anashkalimit t\u00eb k\u00ebtij aktiviteti shfaqet e dhimbshme p\u00ebrtej ditirambeve t\u00eb korit t\u00eb qeveris\u00eb p\u00ebr trash\u00ebgimin\u00eb ton\u00eb etno-kulturore! Trishtimi b\u00ebhet\u00a0 edhe m\u00eb ther\u00ebs kur mendon se Ministrja e Kultur\u00ebs, Margariti dhe Deputetja e zon\u00ebs komb\u00ebtare, Kumbaro jan\u00eb bija gjirokastrite\u2026 Pas shum\u00eb p\u00ebrpjekjesh n\u00eb vitin e larg\u00ebt 2000, p\u00ebr rikthimin e FFK, n\u00eb Gjirokast\u00ebr nuk e kishim menduar se saga e tij ende do t\u00eb vazhdonte! \u2026 Madje me Prof. Vaso Tolen kishim konstatuar se me 54 vitet mbi supe t\u00eb nj\u00eb festivali folklorik, Gjirokastra rezultonte e vetme n\u00eb jet\u00ebgjat\u00ebsin\u00eb e nj\u00eb eventi t\u00eb till\u00eb n\u00eb planin bot\u00ebror!<br \/>\n<img loading=\"lazy\" loading=\"lazy\" decoding=\"async\" class=\"alignnone size-full wp-image-697551 td-animation-stack-type0-2\" src=\"https:\/\/telegraf.al\/wp-content\/uploads\/2022\/10\/01-2.jpg\" sizes=\"auto, (max-width: 1024px) 100vw, 1024px\" srcset=\"https:\/\/telegraf.al\/wp-content\/uploads\/2022\/10\/01-2.jpg 1024w, https:\/\/telegraf.al\/wp-content\/uploads\/2022\/10\/01-2-300x235.jpg 300w, https:\/\/telegraf.al\/wp-content\/uploads\/2022\/10\/01-2-768x602.jpg 768w, https:\/\/telegraf.al\/wp-content\/uploads\/2022\/10\/01-2-696x545.jpg 696w, https:\/\/telegraf.al\/wp-content\/uploads\/2022\/10\/01-2-536x420.jpg 536w\" alt=\"\" width=\"1024\" height=\"802\" \/><br \/>\nGj\u00eb e cila e lejonte qytetin t\u00eb k\u00ebrkonte me k\u00ebt\u00eb rast nj\u00eb \u00e7mim t\u00eb dyt\u00eb nga UNESKO, kuptohet edhe t\u00eb tjera benefite! Por sikurse thon\u00eb hallet e v\u00ebrteta ndodhin, kur pik\u00ebrisht ti \u00ebnd\u00ebron gj\u00ebra t\u00eb bukura\u2026 Sjell nd\u00ebrmend, se dikur n\u00eb vitin 2000, n\u00eb projektin p\u00ebr ringritjen e Gjirokastr\u00ebs e konsideruam rikthimin e FFK n\u00eb Gjirokast\u00ebr n\u00eb t\u00eb nj\u00ebjt\u00ebn r\u00ebnd\u00ebsi me p\u00ebrfshirjen e qytetit n\u00eb UNESKO! Dhe ia dol\u00ebm! Madje p\u00ebr t\u00eb rikthyer FFK i fal\u00ebm Butrinit me k\u00ebrkes\u00ebn e Ministris\u00eb s\u00eb Kultur\u00ebs Teatrin Klasik n\u00eb Natyr\u00eb\u2026 Koha v\u00ebrtetoi se ringritja shpirt\u00ebrore e kulturore, si dhe evidentimi i pasurive monumentale ishin nj\u00eb baz\u00eb e sigurt e nxitjes s\u00eb turizmit e lul\u00ebzimit ekonomik t\u00eb qendr\u00ebs historike dhe krejt krahin\u00ebs! Nuk kan\u00eb qen\u00eb rast\u00ebsi investimet Fondit Amerikano- Shqiptar dhe Bank\u00ebs Bot\u00ebrore n\u00eb Mesin e Pazarit! Pasaporta e UNESKOS dhe nd\u00ebrkomb\u00ebtarizimi i FFK nxiti investitor\u00ebt strategjik\u00eb t\u00eb sensibilizoheshin kaq shum\u00eb! Ndofta pa nd\u00ebrhyrjen e tyre dhe bukurit\u00eb e trishta t\u00eb qytetit do t\u00eb pulsonin si dritat e anijeve para se t\u00eb zhdukeshin n\u00eb thell\u00ebsit\u00eb e oqeanit t\u00eb harres\u00ebs\u2026! At\u00ebhere, kur jan\u00eb provuar vlerat shum\u00ebplan\u00ebshe t\u00eb FFK, p\u00ebrs\u00ebri nuk m\u00eb hiqet nga mendja pyetja: \u201cPse nuk po organizohet FFK i Gjirokastr\u00ebs?\u201d Aq m\u00eb tep\u00ebr q\u00eb financimi i FFK \u00ebsht\u00eb e shumta 5 her\u00eb m\u00eb pak se instalacioni kreativ n\u00eb oborrin e brendsh\u00ebm t\u00eb Kryeministris\u00eb!<br \/>\n<img loading=\"lazy\" loading=\"lazy\" decoding=\"async\" class=\"alignnone size-full wp-image-697552 td-animation-stack-type0-2\" src=\"https:\/\/telegraf.al\/wp-content\/uploads\/2022\/10\/03.jpg\" sizes=\"auto, (max-width: 375px) 100vw, 375px\" srcset=\"https:\/\/telegraf.al\/wp-content\/uploads\/2022\/10\/03.jpg 375w, https:\/\/telegraf.al\/wp-content\/uploads\/2022\/10\/03-300x240.jpg 300w\" alt=\"\" width=\"375\" height=\"300\" \/><br \/>\nGjirokastr\u00ebs i \u00ebsht\u00eb dashur shum\u00eb mund, bujari e men\u00e7uri n\u00eb mbijetes\u00ebn festivalit t\u00eb saj! N\u00eb dit\u00ebt m\u00eb t\u00eb v\u00ebshtira, pran\u00eb saj kan\u00eb qen\u00eb artist\u00ebt popullor\u00eb, studiuesit e pasionuar dhe specialist\u00ebt nd\u00ebrkomb\u00ebtar\u00eb t\u00eb kultur\u00ebs, mbart\u00ebsit e folklorit nga mbar\u00eb kombi, ndaj t\u00eb cil\u00ebve jemi p\u00ebrher\u00eb mir\u00ebnjoh\u00ebs! Jo pa q\u00ebllim, si Kryetar Bashkie n\u00eb fjalimin e hapjes s\u00eb FFK 2000 ju drejtova me fjal\u00ebt: \u201cMir\u00ebsevini n\u00eb qytetin ton\u00eb, n\u00eb qytetin tuaj\u2026\u201d P\u00ebr m\u00eb tep\u00ebr, do t\u00eb doja t\u00eb theksoja se impakti i festivalit i kap\u00ebrcen interesat artistike e turistike! Shqiptar\u00ebt jan\u00eb nj\u00eb komb q\u00eb i mban t\u00eb bashkuar gjuha, doket, zakonet, folklori dhe etnokultura.. Prandaj, organizimi i FFK ka qen\u00eb dhe ngelet jo vet\u00ebm shpalosje e vlerave artistike, por dhe objekt studimi e p\u00ebrsosje e k\u00ebsaj trash\u00ebgimie kulturore! N\u00ebn\u00e7mimi i k\u00ebtij aktiviteti \u00ebsht\u00eb nj\u00eb lakmues q\u00eb evidenton munges\u00ebn atdhetare t\u00eb p\u00ebrgjegj\u00ebsis\u00eb dhe formimit etno-kulturor t\u00eb \u00e7do drejtuesi shtet\u00ebror q\u00eb pengon zhvillimin e k\u00ebtij aktiviteti.<\/p>\n","protected":false},"excerpt":{"rendered":"<p>Nga Ylli Asllani ish-Kryetar i Bashkis\u00eb Gjirokast\u00ebr Gazeta \u201cFestivali 2000\u201d q\u00eb m\u00eb d\u00ebrgoi miku im, Stefan Arseni, p\u00ebrve\u00e7 k\u00ebnaq\u00ebsis\u00eb s\u00eb suksesit t\u00eb nj\u00eb projekti artistik t\u00eb dikursh\u00ebm, m\u00eb ngjalli trishtim! P\u00ebr t\u00eb gjith\u00eb mbart\u00ebsit dhe t\u00eb apasionuarit e folklorit, po b\u00ebhen dy vite q\u00eb ka ngelur pa p\u00ebrgjigje pyetja: \u201cPse nuk po organizohet FFK i [&hellip;]<\/p>\n","protected":false},"author":5,"featured_media":51974,"comment_status":"open","ping_status":"open","sticky":false,"template":"","format":"standard","meta":{"footnotes":""},"categories":[7665,6332],"tags":[20097],"class_list":{"0":"post-51973","1":"post","2":"type-post","3":"status-publish","4":"format-standard","5":"has-post-thumbnail","7":"category-art","8":"category-te-fundit","9":"tag-ylli-asllani-pse-nuk-po-zhvillohet-ffk-i-gjirokastres"},"_links":{"self":[{"href":"https:\/\/jugulajm.net\/index.php?rest_route=\/wp\/v2\/posts\/51973","targetHints":{"allow":["GET"]}}],"collection":[{"href":"https:\/\/jugulajm.net\/index.php?rest_route=\/wp\/v2\/posts"}],"about":[{"href":"https:\/\/jugulajm.net\/index.php?rest_route=\/wp\/v2\/types\/post"}],"author":[{"embeddable":true,"href":"https:\/\/jugulajm.net\/index.php?rest_route=\/wp\/v2\/users\/5"}],"replies":[{"embeddable":true,"href":"https:\/\/jugulajm.net\/index.php?rest_route=%2Fwp%2Fv2%2Fcomments&post=51973"}],"version-history":[{"count":0,"href":"https:\/\/jugulajm.net\/index.php?rest_route=\/wp\/v2\/posts\/51973\/revisions"}],"wp:featuredmedia":[{"embeddable":true,"href":"https:\/\/jugulajm.net\/index.php?rest_route=\/wp\/v2\/media\/51974"}],"wp:attachment":[{"href":"https:\/\/jugulajm.net\/index.php?rest_route=%2Fwp%2Fv2%2Fmedia&parent=51973"}],"wp:term":[{"taxonomy":"category","embeddable":true,"href":"https:\/\/jugulajm.net\/index.php?rest_route=%2Fwp%2Fv2%2Fcategories&post=51973"},{"taxonomy":"post_tag","embeddable":true,"href":"https:\/\/jugulajm.net\/index.php?rest_route=%2Fwp%2Fv2%2Ftags&post=51973"}],"curies":[{"name":"wp","href":"https:\/\/api.w.org\/{rel}","templated":true}]}}