{"id":51966,"date":"2022-10-24T14:11:02","date_gmt":"2022-10-24T12:11:02","guid":{"rendered":"https:\/\/jugulajm.net\/?p=51966"},"modified":"2022-10-24T14:35:29","modified_gmt":"2022-10-24T12:35:29","slug":"perdhunoi-15-vjecaren-arrestohet-19-vjecari","status":"publish","type":"post","link":"https:\/\/jugulajm.net\/?p=51966","title":{"rendered":"P\u00ebrdhunoi 15-vje\u00e7aren, arrestohet 19-vje\u00e7ari"},"content":{"rendered":"<p>Nj\u00eb 19-vje\u00e7ar q\u00eb akuzohet p\u00ebr dhun\u00eb seksuale ndaj nj\u00eb vajze t\u00eb mitur \u00ebsht\u00eb arrestuar sot n\u00eb Mallakast\u00ebr.<\/p>\n<p>Ngjarja ka ndodhur n\u00eb qershor t\u00eb vitit t\u00eb kaluar, kur shtetasi me iniciale L.B. dyshohet se ka kryer marr\u00ebdh\u00ebnie seksuale me 15-vje\u00e7aren, pa d\u00ebshir\u00ebn e saj.<\/p>\n<p>Gjykata e Fierit, me vendim t\u00eb dat\u00ebs 5 prill 2022 ka caktuar p\u00ebr 19-vje\u00e7arin mas\u00ebn e siguris\u00eb \u201cArrest n\u00eb burg\u201d, p\u00ebr vepr\u00ebn penale \u201cMarr\u00ebdh\u00ebnie seksuale ose homoseksuale me dhun\u00eb me t\u00eb mitur t\u00eb mosh\u00ebs 14-18 vje\u00e7\u201d.<\/p>\n","protected":false},"excerpt":{"rendered":"<p>Nj\u00eb 19-vje\u00e7ar q\u00eb akuzohet p\u00ebr dhun\u00eb seksuale ndaj nj\u00eb vajze t\u00eb mitur \u00ebsht\u00eb arrestuar sot n\u00eb Mallakast\u00ebr. Ngjarja ka ndodhur n\u00eb qershor t\u00eb vitit t\u00eb kaluar, kur shtetasi me iniciale L.B. dyshohet se ka kryer marr\u00ebdh\u00ebnie seksuale me 15-vje\u00e7aren, pa d\u00ebshir\u00ebn e saj. Gjykata e Fierit, me vendim t\u00eb dat\u00ebs 5 prill 2022 ka caktuar [&hellip;]<\/p>\n","protected":false},"author":5,"featured_media":51462,"comment_status":"open","ping_status":"open","sticky":false,"template":"","format":"standard","meta":{"footnotes":""},"categories":[1,6332],"tags":[20094,20093],"class_list":{"0":"post-51966","1":"post","2":"type-post","3":"status-publish","4":"format-standard","5":"has-post-thumbnail","7":"category-aktualitet","8":"category-te-fundit","9":"tag-arrestohet-19-vjecari","10":"tag-perdhunoi-15-vjecaren"},"_links":{"self":[{"href":"https:\/\/jugulajm.net\/index.php?rest_route=\/wp\/v2\/posts\/51966","targetHints":{"allow":["GET"]}}],"collection":[{"href":"https:\/\/jugulajm.net\/index.php?rest_route=\/wp\/v2\/posts"}],"about":[{"href":"https:\/\/jugulajm.net\/index.php?rest_route=\/wp\/v2\/types\/post"}],"author":[{"embeddable":true,"href":"https:\/\/jugulajm.net\/index.php?rest_route=\/wp\/v2\/users\/5"}],"replies":[{"embeddable":true,"href":"https:\/\/jugulajm.net\/index.php?rest_route=%2Fwp%2Fv2%2Fcomments&post=51966"}],"version-history":[{"count":0,"href":"https:\/\/jugulajm.net\/index.php?rest_route=\/wp\/v2\/posts\/51966\/revisions"}],"wp:featuredmedia":[{"embeddable":true,"href":"https:\/\/jugulajm.net\/index.php?rest_route=\/wp\/v2\/media\/51462"}],"wp:attachment":[{"href":"https:\/\/jugulajm.net\/index.php?rest_route=%2Fwp%2Fv2%2Fmedia&parent=51966"}],"wp:term":[{"taxonomy":"category","embeddable":true,"href":"https:\/\/jugulajm.net\/index.php?rest_route=%2Fwp%2Fv2%2Fcategories&post=51966"},{"taxonomy":"post_tag","embeddable":true,"href":"https:\/\/jugulajm.net\/index.php?rest_route=%2Fwp%2Fv2%2Ftags&post=51966"}],"curies":[{"name":"wp","href":"https:\/\/api.w.org\/{rel}","templated":true}]}}