{"id":51951,"date":"2022-10-23T22:53:28","date_gmt":"2022-10-23T20:53:28","guid":{"rendered":"https:\/\/jugulajm.net\/?p=51951"},"modified":"2022-10-23T22:57:04","modified_gmt":"2022-10-23T20:57:04","slug":"emri-arrestohet-shqiptarja-ne-kakavije-ishte-shpallur-ne-kerkim-nga-spanja","status":"publish","type":"post","link":"https:\/\/jugulajm.net\/?p=51951","title":{"rendered":"EMRI\/ Arrestohet shqiptarja n\u00eb Kakavije, ishte shpallur n\u00eb k\u00ebrkim nga Spanja"},"content":{"rendered":"<p>Nj\u00eb shqiptare \u00ebsht\u00eb ndaluar prej autoriteteve Greke n\u00eb pik\u00ebn kufitare t\u00eb Kakavij\u00ebs.<\/p>\n<p>Ajo ishte n\u00eb k\u00ebrkim nd\u00ebrkomb\u00ebtar prej autoriteteve spanjolle n\u00ebn akuz\u00ebn e pjes\u00ebmarrjes n\u00eb organizat\u00eb q\u00eb trafikonte l\u00ebnd\u00eb narkotike n\u00eb shtetin spanjoll.<\/p>\n<p>Sipas policis\u00eb greke, Aneta Bramo, u ndalua n\u00eb koh\u00ebn q\u00eb kalonte kufirin me destinacion Athin\u00ebn, ku sipas deklarat\u00ebs s\u00eb saj pran\u00eb agjent\u00ebve do t\u00eb kryente\u00a0 disa analiza sh\u00ebndet\u00ebsore.<\/p>\n<p>Behet me dije se Bramo u shfaq e surprizuar n\u00eb koh\u00ebn q\u00eb iu komunikua urdhri i ndalimit me k\u00ebrkes\u00eb t\u00eb Interpol Spanj\u00ebs.<\/p>\n<p>Ajo u shoq\u00ebrua n\u00eb drejtorin\u00eb e policis\u00eb s\u00eb Janin\u00ebs, nd\u00ebrsa or\u00ebt n\u00eb vazhdim do t\u00eb d\u00ebrgohet n\u00eb gjykat\u00eb.<\/p>\n<p>Do t\u00eb jete gjykataajo qe dovendos\u00eb p\u00ebr ekstradimin ose jo t\u00eb\u00a0 saj n\u00eb Spanj\u00eb, ku akuzohet p\u00ebr vepra penale q\u00eb d\u00ebnohen mbi 15 vjet burg.<\/p>\n","protected":false},"excerpt":{"rendered":"<p>Nj\u00eb shqiptare \u00ebsht\u00eb ndaluar prej autoriteteve Greke n\u00eb pik\u00ebn kufitare t\u00eb Kakavij\u00ebs. Ajo ishte n\u00eb k\u00ebrkim nd\u00ebrkomb\u00ebtar prej autoriteteve spanjolle n\u00ebn akuz\u00ebn e pjes\u00ebmarrjes n\u00eb organizat\u00eb q\u00eb trafikonte l\u00ebnd\u00eb narkotike n\u00eb shtetin spanjoll. Sipas policis\u00eb greke, Aneta Bramo, u ndalua n\u00eb koh\u00ebn q\u00eb kalonte kufirin me destinacion Athin\u00ebn, ku sipas deklarat\u00ebs s\u00eb saj pran\u00eb agjent\u00ebve [&hellip;]<\/p>\n","protected":false},"author":5,"featured_media":48889,"comment_status":"open","ping_status":"open","sticky":false,"template":"","format":"standard","meta":{"footnotes":""},"categories":[1,6332],"tags":[20084,20085],"class_list":{"0":"post-51951","1":"post","2":"type-post","3":"status-publish","4":"format-standard","5":"has-post-thumbnail","7":"category-aktualitet","8":"category-te-fundit","9":"tag-emri-arrestohet-shqiptarja-ne-kakavije","10":"tag-ishte-shpallur-ne-kerkim-nga-spanja"},"_links":{"self":[{"href":"https:\/\/jugulajm.net\/index.php?rest_route=\/wp\/v2\/posts\/51951","targetHints":{"allow":["GET"]}}],"collection":[{"href":"https:\/\/jugulajm.net\/index.php?rest_route=\/wp\/v2\/posts"}],"about":[{"href":"https:\/\/jugulajm.net\/index.php?rest_route=\/wp\/v2\/types\/post"}],"author":[{"embeddable":true,"href":"https:\/\/jugulajm.net\/index.php?rest_route=\/wp\/v2\/users\/5"}],"replies":[{"embeddable":true,"href":"https:\/\/jugulajm.net\/index.php?rest_route=%2Fwp%2Fv2%2Fcomments&post=51951"}],"version-history":[{"count":0,"href":"https:\/\/jugulajm.net\/index.php?rest_route=\/wp\/v2\/posts\/51951\/revisions"}],"wp:featuredmedia":[{"embeddable":true,"href":"https:\/\/jugulajm.net\/index.php?rest_route=\/wp\/v2\/media\/48889"}],"wp:attachment":[{"href":"https:\/\/jugulajm.net\/index.php?rest_route=%2Fwp%2Fv2%2Fmedia&parent=51951"}],"wp:term":[{"taxonomy":"category","embeddable":true,"href":"https:\/\/jugulajm.net\/index.php?rest_route=%2Fwp%2Fv2%2Fcategories&post=51951"},{"taxonomy":"post_tag","embeddable":true,"href":"https:\/\/jugulajm.net\/index.php?rest_route=%2Fwp%2Fv2%2Ftags&post=51951"}],"curies":[{"name":"wp","href":"https:\/\/api.w.org\/{rel}","templated":true}]}}