{"id":51484,"date":"2022-10-21T12:57:32","date_gmt":"2022-10-21T10:57:32","guid":{"rendered":"https:\/\/jugulajm.net\/?p=51484"},"modified":"2022-10-21T13:08:31","modified_gmt":"2022-10-21T11:08:31","slug":"rama-nuk-me-ze-gjumi-per-te-varferit-po-bej-cmos-per-ta","status":"publish","type":"post","link":"https:\/\/jugulajm.net\/?p=51484","title":{"rendered":"Rama: Nuk m\u00eb z\u00eb gjumi p\u00ebr t\u00eb varf\u00ebrit, po b\u00ebj \u00e7mos p\u00ebr ta"},"content":{"rendered":"<p>Kryeministri Rama, \u00ebsht\u00eb shprehur sot n\u00eb nj\u00eb takim me fermer\u00ebt e Elbasanit p\u00ebr kriz\u00ebn energjitike.<\/p>\n<p>Sipas Ram\u00ebs, n\u00eb k\u00ebto koh\u00eb duhet t\u00eb jemi t\u00eb gjith\u00eb t\u00eb bashkuar, teksa shton se qeveria po b\u00ebn gjith\u00e7ka p\u00ebr qytetar\u00ebt.<\/p>\n<p>Nd\u00ebr t\u00eb tjera Rama ka th\u00ebn\u00eb se nuk e z\u00eb gjumi p\u00ebr personat q\u00eb jan\u00eb n\u00eb v\u00ebshtir\u00ebsi, p\u00ebr t\u00eb varf\u00ebrit, q\u00eb nuk mund ta p\u00ebrballojn\u00eb dot k\u00ebt\u00eb kriz\u00eb.<\/p>\n<p>&#8220;Nuk m\u00eb z\u00eb gjumi p\u00ebr ata q\u00eb jan\u00eb n\u00eb v\u00ebshtir\u00ebsi. B\u00ebjm\u00eb \u00e7mos p\u00ebr ata q\u00eb nuk e p\u00ebrvballojn\u00eb dot k\u00ebt\u00eb situat\u00eb t\u00eb v\u00ebshtir\u00eb.&#8221;, ka th\u00ebn\u00eb kryeministri Rama.<\/p>\n","protected":false},"excerpt":{"rendered":"<p>Kryeministri Rama, \u00ebsht\u00eb shprehur sot n\u00eb nj\u00eb takim me fermer\u00ebt e Elbasanit p\u00ebr kriz\u00ebn energjitike. Sipas Ram\u00ebs, n\u00eb k\u00ebto koh\u00eb duhet t\u00eb jemi t\u00eb gjith\u00eb t\u00eb bashkuar, teksa shton se qeveria po b\u00ebn gjith\u00e7ka p\u00ebr qytetar\u00ebt. Nd\u00ebr t\u00eb tjera Rama ka th\u00ebn\u00eb se nuk e z\u00eb gjumi p\u00ebr personat q\u00eb jan\u00eb n\u00eb v\u00ebshtir\u00ebsi, p\u00ebr t\u00eb [&hellip;]<\/p>\n","protected":false},"author":5,"featured_media":51486,"comment_status":"open","ping_status":"open","sticky":false,"template":"","format":"standard","meta":{"footnotes":""},"categories":[6327,6326,6332],"tags":[],"class_list":{"0":"post-51484","1":"post","2":"type-post","3":"status-publish","4":"format-standard","5":"has-post-thumbnail","7":"category-ekonomi","8":"category-politike","9":"category-te-fundit"},"_links":{"self":[{"href":"https:\/\/jugulajm.net\/index.php?rest_route=\/wp\/v2\/posts\/51484","targetHints":{"allow":["GET"]}}],"collection":[{"href":"https:\/\/jugulajm.net\/index.php?rest_route=\/wp\/v2\/posts"}],"about":[{"href":"https:\/\/jugulajm.net\/index.php?rest_route=\/wp\/v2\/types\/post"}],"author":[{"embeddable":true,"href":"https:\/\/jugulajm.net\/index.php?rest_route=\/wp\/v2\/users\/5"}],"replies":[{"embeddable":true,"href":"https:\/\/jugulajm.net\/index.php?rest_route=%2Fwp%2Fv2%2Fcomments&post=51484"}],"version-history":[{"count":0,"href":"https:\/\/jugulajm.net\/index.php?rest_route=\/wp\/v2\/posts\/51484\/revisions"}],"wp:featuredmedia":[{"embeddable":true,"href":"https:\/\/jugulajm.net\/index.php?rest_route=\/wp\/v2\/media\/51486"}],"wp:attachment":[{"href":"https:\/\/jugulajm.net\/index.php?rest_route=%2Fwp%2Fv2%2Fmedia&parent=51484"}],"wp:term":[{"taxonomy":"category","embeddable":true,"href":"https:\/\/jugulajm.net\/index.php?rest_route=%2Fwp%2Fv2%2Fcategories&post=51484"},{"taxonomy":"post_tag","embeddable":true,"href":"https:\/\/jugulajm.net\/index.php?rest_route=%2Fwp%2Fv2%2Ftags&post=51484"}],"curies":[{"name":"wp","href":"https:\/\/api.w.org\/{rel}","templated":true}]}}