{"id":51230,"date":"2022-10-14T17:36:20","date_gmt":"2022-10-14T15:36:20","guid":{"rendered":"https:\/\/jugulajm.net\/?p=51230"},"modified":"2022-10-14T17:45:15","modified_gmt":"2022-10-14T15:45:15","slug":"video-rama-hapa-dollapa-me-kurtin-ne-mes-te-berlinit","status":"publish","type":"post","link":"https:\/\/jugulajm.net\/?p=51230","title":{"rendered":"VIDEO\/ Rama &#8221;hapa-dollapa&#8221; me Kurtin n\u00eb mes t\u00eb Berlinit"},"content":{"rendered":"<div class=\"entry-content\">\n<p>Kryeministri Edi Rama n\u00eb Kongresin e Partive Socialiste n\u00eb Berlin ku ndodhet edhe kryeministri Albin Kurti, i ka b\u00ebr\u00eb nj\u00eb \u2018truk\u2019 t\u00eb vog\u00ebl kreut t\u00eb qeveris\u00eb s\u00eb Kosov\u00ebs.<\/p>\n<p>Rama ka lujtur &#8221;hapa-dollapa&#8221; me Kurtin, ku ka shkaktuar shum\u00eb t\u00eb qeshura.<\/p>\n<p>Kreu i qeveris\u00eb shihet teksa i vendos duart n\u00eb m\u00ebnyr\u00eb t\u00eb beft\u00eb Kurtit n\u00eb sy nd\u00ebrsa ky i fundit \u00ebsht\u00eb i kthyer me kurriz.<\/p>\n<p>Ky moment, nuk kishte si mos t\u00eb finalizohej me nj\u00eb p\u00ebrqafim mes dy homolog\u00ebve t\u00eb cil\u00ebt g\u00ebzojn\u00eb marr\u00ebdh\u00ebnie t\u00eb mira.<\/p>\n<p><i>\u2018Duhet t\u00eb m\u00eb kishe gjetur vet\u00eb more jo me spiuna\u2019-\u00a0\u00a0<\/i>tha kryeministri teksa Kurti qeshi.<\/p>\n<p><strong><i>Shikoni videon:\u00a0<\/i><\/strong><\/p>\n<div style=\"width: 320px;\" class=\"wp-video\"><!--[if lt IE 9]><script>document.createElement('video');<\/script><![endif]-->\n<video class=\"wp-video-shortcode\" id=\"video-51230-1\" width=\"320\" height=\"178\" preload=\"metadata\" controls=\"controls\"><source type=\"video\/mp4\" src=\"https:\/\/jugulajm.net\/wp-content\/uploads\/2022\/10\/Rama-kap-per-fytyre-Albin-Kurtin-ne-mes-te-Berlinit-VIDEO-Lapsi.al_.mp4?_=1\" \/><a href=\"https:\/\/jugulajm.net\/wp-content\/uploads\/2022\/10\/Rama-kap-per-fytyre-Albin-Kurtin-ne-mes-te-Berlinit-VIDEO-Lapsi.al_.mp4\">https:\/\/jugulajm.net\/wp-content\/uploads\/2022\/10\/Rama-kap-per-fytyre-Albin-Kurtin-ne-mes-te-Berlinit-VIDEO-Lapsi.al_.mp4<\/a><\/video><\/div>\n<p>&nbsp;<\/p>\n<\/div>\n","protected":false},"excerpt":{"rendered":"<p>Kryeministri Edi Rama n\u00eb Kongresin e Partive Socialiste n\u00eb Berlin ku ndodhet edhe kryeministri Albin Kurti, i ka b\u00ebr\u00eb nj\u00eb \u2018truk\u2019 t\u00eb vog\u00ebl kreut t\u00eb qeveris\u00eb s\u00eb Kosov\u00ebs. Rama ka lujtur &#8221;hapa-dollapa&#8221; me Kurtin, ku ka shkaktuar shum\u00eb t\u00eb qeshura. Kreu i qeveris\u00eb shihet teksa i vendos duart n\u00eb m\u00ebnyr\u00eb t\u00eb beft\u00eb Kurtit n\u00eb sy [&hellip;]<\/p>\n","protected":false},"author":5,"featured_media":51231,"comment_status":"open","ping_status":"open","sticky":false,"template":"","format":"standard","meta":{"footnotes":""},"categories":[6326,6332],"tags":[],"class_list":{"0":"post-51230","1":"post","2":"type-post","3":"status-publish","4":"format-standard","5":"has-post-thumbnail","7":"category-politike","8":"category-te-fundit"},"_links":{"self":[{"href":"https:\/\/jugulajm.net\/index.php?rest_route=\/wp\/v2\/posts\/51230","targetHints":{"allow":["GET"]}}],"collection":[{"href":"https:\/\/jugulajm.net\/index.php?rest_route=\/wp\/v2\/posts"}],"about":[{"href":"https:\/\/jugulajm.net\/index.php?rest_route=\/wp\/v2\/types\/post"}],"author":[{"embeddable":true,"href":"https:\/\/jugulajm.net\/index.php?rest_route=\/wp\/v2\/users\/5"}],"replies":[{"embeddable":true,"href":"https:\/\/jugulajm.net\/index.php?rest_route=%2Fwp%2Fv2%2Fcomments&post=51230"}],"version-history":[{"count":0,"href":"https:\/\/jugulajm.net\/index.php?rest_route=\/wp\/v2\/posts\/51230\/revisions"}],"wp:featuredmedia":[{"embeddable":true,"href":"https:\/\/jugulajm.net\/index.php?rest_route=\/wp\/v2\/media\/51231"}],"wp:attachment":[{"href":"https:\/\/jugulajm.net\/index.php?rest_route=%2Fwp%2Fv2%2Fmedia&parent=51230"}],"wp:term":[{"taxonomy":"category","embeddable":true,"href":"https:\/\/jugulajm.net\/index.php?rest_route=%2Fwp%2Fv2%2Fcategories&post=51230"},{"taxonomy":"post_tag","embeddable":true,"href":"https:\/\/jugulajm.net\/index.php?rest_route=%2Fwp%2Fv2%2Ftags&post=51230"}],"curies":[{"name":"wp","href":"https:\/\/api.w.org\/{rel}","templated":true}]}}