{"id":51200,"date":"2022-10-13T15:08:19","date_gmt":"2022-10-13T13:08:19","guid":{"rendered":"https:\/\/jugulajm.net\/?p=51200"},"modified":"2022-10-13T15:08:19","modified_gmt":"2022-10-13T13:08:19","slug":"fullani-kerkoi-rikthimin-ne-detyre-strasburgu-i-rrezon-kerkesen","status":"publish","type":"post","link":"https:\/\/jugulajm.net\/?p=51200","title":{"rendered":"Fullani k\u00ebrkoi rikthimin n\u00eb detyr\u00eb, Strasburgu i rr\u00ebzon k\u00ebrkes\u00ebn"},"content":{"rendered":"<p>Gjykata e Strasburgut ka rr\u00ebzuar ankimimin e ish-guvernatorit t\u00eb Bank\u00ebs s\u00eb Shqip\u00ebris\u00eb, Ardian Fullani.<\/p>\n<p>Ky i fundit kishte \u00e7uar \u00e7\u00ebshtjen n\u00eb k\u00ebt\u00eb gjykat\u00eb nd\u00ebrkomb\u00ebtare, pasi kund\u00ebrshtonte shkarkimin e tij nga detyra.<\/p>\n<p>Kjo padi u regjistrua n\u00eb gjykat\u00eb n\u00eb 22 n\u00ebntor t\u00eb vitit 2019, dhe m\u00eb pas Strasburgu solli pyetjet p\u00ebr Shqip\u00ebrin\u00eb n\u00ebse jan\u00eb respektuar procedurat ligjore.<\/p>\n<p>Ardian Fullani u shkarkua n\u00eb 2014 pasi u akuzua p\u00ebr shp\u00ebrdorim detyre, pas zhdukjes s\u00eb 713 milion\u00eb lek\u00ebve.<\/p>\n<p>M\u00eb pas, Fullani u arrestua nga policia dhe gjykata e la n\u00eb \u201carrest sht\u00ebpie\u201d. N\u00eb dhjetor t\u00eb 2015, Fullani u shpall i pafajsh\u00ebm nga Apeli.<\/p>\n<p><strong>Njoftimi<\/strong><\/p>\n<p><em>N\u00eb vendimin e saj p\u00ebr \u00e7\u00ebshtjen Fullani kund\u00ebr Shqip\u00ebris\u00eb (k\u00ebrkesa nr. 4586\/18) Gjykata Evropiane e<\/em><\/p>\n<p><em>T\u00eb drejtat e njeriut e kan\u00eb shpallur unanimisht k\u00ebrkes\u00ebn t\u00eb papranueshme. Vendimi \u00ebsht\u00eb p\u00ebrfundimtar.<\/em><\/p>\n<p><em>\u00c7\u00ebshtja kishte t\u00eb b\u00ebnte me vendimin e Kuvendit n\u00eb vitin 2014 p\u00ebr shkarkimin e z. Fullani nga detyra si Guvernator i Banka Qendrore e Shqip\u00ebris\u00eb pas arrestimit t\u00eb tij me dyshimin p\u00ebr shp\u00ebrdorim detyre. Ai ishte m\u00eb pas i pafajsh\u00ebm. Ai ngriti veprime ligjore p\u00ebr t\u00eb kund\u00ebrshtuar shkarkimin e tij dhe gjykatat n\u00eb thelb e gjet\u00ebn at\u00eb favor, por hodhi posht\u00eb k\u00ebrkes\u00ebn e tij p\u00ebr kompensim shtes\u00eb dhe rivendosje.<\/em><\/p>\n<p><em>Gjykata konstatoi se z. Fullani nuk kishte p\u00ebrdorur t\u00eb gjitha mjetet juridike t\u00eb brendshme n\u00eb dispozicion t\u00eb tij. N\u00eb n\u00eb ve\u00e7anti, ai nuk kishte paraqitur nj\u00eb ankes\u00eb kushtetuese e cila, q\u00eb nga ndryshimet n\u00eb<\/em><\/p>\n<p><em>Kushtetuta e vitit 2016, kishte qen\u00eb n\u00eb parim, nj\u00eb mjet efektiv n\u00eb lidhje me pretendimet e ndonj\u00ebrit shkelje e t\u00eb drejtave t\u00eb mbrojtura nga Konventa Evropiane p\u00ebr t\u00eb Drejtat e Njeriut dhe Protokollet e saj q\u00eb kishte \u00ebsht\u00eb ratifikuar nga Shqip\u00ebria.<\/em><\/p>\n","protected":false},"excerpt":{"rendered":"<p>Gjykata e Strasburgut ka rr\u00ebzuar ankimimin e ish-guvernatorit t\u00eb Bank\u00ebs s\u00eb Shqip\u00ebris\u00eb, Ardian Fullani. Ky i fundit kishte \u00e7uar \u00e7\u00ebshtjen n\u00eb k\u00ebt\u00eb gjykat\u00eb nd\u00ebrkomb\u00ebtare, pasi kund\u00ebrshtonte shkarkimin e tij nga detyra. Kjo padi u regjistrua n\u00eb gjykat\u00eb n\u00eb 22 n\u00ebntor t\u00eb vitit 2019, dhe m\u00eb pas Strasburgu solli pyetjet p\u00ebr Shqip\u00ebrin\u00eb n\u00ebse jan\u00eb respektuar procedurat [&hellip;]<\/p>\n","protected":false},"author":5,"featured_media":51201,"comment_status":"open","ping_status":"open","sticky":false,"template":"","format":"standard","meta":{"footnotes":""},"categories":[1,6332],"tags":[19927],"class_list":{"0":"post-51200","1":"post","2":"type-post","3":"status-publish","4":"format-standard","5":"has-post-thumbnail","7":"category-aktualitet","8":"category-te-fundit","9":"tag-ardian-fullani"},"_links":{"self":[{"href":"https:\/\/jugulajm.net\/index.php?rest_route=\/wp\/v2\/posts\/51200","targetHints":{"allow":["GET"]}}],"collection":[{"href":"https:\/\/jugulajm.net\/index.php?rest_route=\/wp\/v2\/posts"}],"about":[{"href":"https:\/\/jugulajm.net\/index.php?rest_route=\/wp\/v2\/types\/post"}],"author":[{"embeddable":true,"href":"https:\/\/jugulajm.net\/index.php?rest_route=\/wp\/v2\/users\/5"}],"replies":[{"embeddable":true,"href":"https:\/\/jugulajm.net\/index.php?rest_route=%2Fwp%2Fv2%2Fcomments&post=51200"}],"version-history":[{"count":0,"href":"https:\/\/jugulajm.net\/index.php?rest_route=\/wp\/v2\/posts\/51200\/revisions"}],"wp:featuredmedia":[{"embeddable":true,"href":"https:\/\/jugulajm.net\/index.php?rest_route=\/wp\/v2\/media\/51201"}],"wp:attachment":[{"href":"https:\/\/jugulajm.net\/index.php?rest_route=%2Fwp%2Fv2%2Fmedia&parent=51200"}],"wp:term":[{"taxonomy":"category","embeddable":true,"href":"https:\/\/jugulajm.net\/index.php?rest_route=%2Fwp%2Fv2%2Fcategories&post=51200"},{"taxonomy":"post_tag","embeddable":true,"href":"https:\/\/jugulajm.net\/index.php?rest_route=%2Fwp%2Fv2%2Ftags&post=51200"}],"curies":[{"name":"wp","href":"https:\/\/api.w.org\/{rel}","templated":true}]}}