{"id":51138,"date":"2022-10-11T18:47:38","date_gmt":"2022-10-11T16:47:38","guid":{"rendered":"https:\/\/jugulajm.net\/?p=51138"},"modified":"2022-10-11T18:47:38","modified_gmt":"2022-10-11T16:47:38","slug":"berisha-stop-terrorit-hakmarres-banditesk-ndaj-lazaratit","status":"publish","type":"post","link":"https:\/\/jugulajm.net\/?p=51138","title":{"rendered":"Berisha: Stop terrorit hakmarr\u00ebs banditesk ndaj Lazaratit"},"content":{"rendered":"<p>Kryetari i Partise Demokratike, Sali Berisha, ka reaguar pas aksioni policor n\u00eb Lazarat, vet\u00ebm dy dit\u00eb pasi ai b\u00ebri nj\u00eb takim madh\u00ebshton n\u00eb k\u00ebt\u00eb zon\u00eb t\u00eb njohur.<\/p>\n<p>Berisha kerkon permes nje reagimi ne fb, q\u00eb t\u00eb ndalohet menj\u00ebher\u00eb aksioni hakmarr\u00ebs bandites i Ram\u00ebs dhe \u00c7u\u00e7it.<\/p>\n<p><b>Reagimi i plot\u00eb i Berish\u00ebs:<\/b><\/p>\n<p><em>Stop terrorit hakmarr\u00ebs banditesk ndaj Lazaratit.<\/em><\/p>\n<p><em>T\u00eb dashur miq, krer\u00ebt e organizat\u00ebs qeveritare kriminale\u00a0 Rama-\u00c7u\u00e7i t\u00eb tmerruar nga denoncimet e banor\u00ebve t\u00eb Lazaratit\u00a0 t\u00eb krimeve kund\u00ebr njer\u00ebzimit t\u00eb kryera ndaj\u00a0 tyre nga Rama-Tahiri dhe bandat e tyre me uniforme kan\u00eb mbushur Lazaratin me narkopolic\u00eb dhe terrorizojn\u00eb banor\u00ebt.<\/em><\/p>\n<p><em>Portali i mir\u00ebnjohur Jugulajme informon p\u00ebr terrorin hakmarr\u00ebs primitiv q\u00eb shtruan me porosi t\u00eb Ram\u00ebs dhe \u00c7u\u00e7it gjat\u00eb kontrollit t\u00eb banes\u00ebs ndaj nj\u00eb n\u00ebne 70 vje\u00e7are nga kriminel me uniform\u00eb.<\/em><\/p>\n<p><em>D\u00ebnoj m\u00eb ashp\u00ebrsin\u00eb m\u00eb t\u00eb madhe dhun\u00ebn ndaj banor\u00ebve t\u00eb Lazaratit dhe k\u00ebrkoj ndalimin e menj\u00ebhersh\u00ebm t\u00eb saj.<\/em><\/p>\n<p><em>K\u00ebtu m\u00eb posht\u00eb keni t\u00eb plote t\u00eb artikullin e Jugulajme p\u00ebr terrorin q\u00eb po ushtrohet n\u00eb Lazarat.\u00a0\u00a0<\/em><\/p>\n","protected":false},"excerpt":{"rendered":"<p>Kryetari i Partise Demokratike, Sali Berisha, ka reaguar pas aksioni policor n\u00eb Lazarat, vet\u00ebm dy dit\u00eb pasi ai b\u00ebri nj\u00eb takim madh\u00ebshton n\u00eb k\u00ebt\u00eb zon\u00eb t\u00eb njohur. Berisha kerkon permes nje reagimi ne fb, q\u00eb t\u00eb ndalohet menj\u00ebher\u00eb aksioni hakmarr\u00ebs bandites i Ram\u00ebs dhe \u00c7u\u00e7it. Reagimi i plot\u00eb i Berish\u00ebs: Stop terrorit hakmarr\u00ebs banditesk ndaj [&hellip;]<\/p>\n","protected":false},"author":5,"featured_media":51139,"comment_status":"open","ping_status":"open","sticky":false,"template":"","format":"standard","meta":{"footnotes":""},"categories":[1,6326,6332],"tags":[19901],"class_list":{"0":"post-51138","1":"post","2":"type-post","3":"status-publish","4":"format-standard","5":"has-post-thumbnail","7":"category-aktualitet","8":"category-politike","9":"category-te-fundit","10":"tag-berisha-stop-terrorit-hakmarres-banditesk-ndaj-lazaratit"},"_links":{"self":[{"href":"https:\/\/jugulajm.net\/index.php?rest_route=\/wp\/v2\/posts\/51138","targetHints":{"allow":["GET"]}}],"collection":[{"href":"https:\/\/jugulajm.net\/index.php?rest_route=\/wp\/v2\/posts"}],"about":[{"href":"https:\/\/jugulajm.net\/index.php?rest_route=\/wp\/v2\/types\/post"}],"author":[{"embeddable":true,"href":"https:\/\/jugulajm.net\/index.php?rest_route=\/wp\/v2\/users\/5"}],"replies":[{"embeddable":true,"href":"https:\/\/jugulajm.net\/index.php?rest_route=%2Fwp%2Fv2%2Fcomments&post=51138"}],"version-history":[{"count":0,"href":"https:\/\/jugulajm.net\/index.php?rest_route=\/wp\/v2\/posts\/51138\/revisions"}],"wp:featuredmedia":[{"embeddable":true,"href":"https:\/\/jugulajm.net\/index.php?rest_route=\/wp\/v2\/media\/51139"}],"wp:attachment":[{"href":"https:\/\/jugulajm.net\/index.php?rest_route=%2Fwp%2Fv2%2Fmedia&parent=51138"}],"wp:term":[{"taxonomy":"category","embeddable":true,"href":"https:\/\/jugulajm.net\/index.php?rest_route=%2Fwp%2Fv2%2Fcategories&post=51138"},{"taxonomy":"post_tag","embeddable":true,"href":"https:\/\/jugulajm.net\/index.php?rest_route=%2Fwp%2Fv2%2Ftags&post=51138"}],"curies":[{"name":"wp","href":"https:\/\/api.w.org\/{rel}","templated":true}]}}