{"id":50916,"date":"2022-10-05T18:40:34","date_gmt":"2022-10-05T16:40:34","guid":{"rendered":"https:\/\/jugulajm.net\/?p=50916"},"modified":"2022-10-05T18:49:48","modified_gmt":"2022-10-05T16:49:48","slug":"video-digjet-mercedes-benz-ml-ne-sarande","status":"publish","type":"post","link":"https:\/\/jugulajm.net\/?p=50916","title":{"rendered":"VIDEO\/ Digjet Mercedes-Benz ML n\u00eb Sarand\u00eb"},"content":{"rendered":"<p>Nj\u00eb automjet i parkuar, tip Mercedes-Benz ML me targe AA410IY n\u00eb pron\u00ebsi t\u00eb shtetasit E. D, \u00ebsht\u00eb djegur gjat\u00eb nat\u00ebs n\u00eb Sarand\u00eb.<\/p>\n<div class=\"wp-container-24 wp-block-columns\">\n<div class=\"wp-container-23 wp-block-column\">Ngjarja ka ndodhur n\u00eb Lagjen nr. 1, n\u00eb zon\u00ebn e rrug\u00ebs s\u00eb kat\u00ebrt, ku nga zjarri n\u00eb automjet jan\u00eb shkaktuar vet\u00ebm d\u00ebme materiale.<\/div>\n<\/div>\n<div class=\"wp-container-26 wp-block-columns\">\n<div class=\"wp-container-25 wp-block-column\">Grupi hetimor po punon p\u00ebr sqarimin e rrethanave t\u00eb ngjarjes dhe p\u00ebrcaktimin e shkaqeve t\u00eb r\u00ebnies s\u00eb zjarrit.<\/div>\n<\/div>\n<div class=\"wp-container-28 wp-block-columns\">\n<div class=\"wp-container-27 wp-block-column\">Si pasoj\u00eb e djegies s\u00eb mjetit \u00ebsht\u00eb d\u00ebmtuar edhe nj\u00eb automjet i parkuar pran\u00eb tij.<\/div>\n<\/div>\n<div><\/div>\n<div><\/div>\n<div>\n<div style=\"width: 640px;\" class=\"wp-video\"><!--[if lt IE 9]><script>document.createElement('video');<\/script><![endif]-->\n<video class=\"wp-video-shortcode\" id=\"video-50916-1\" width=\"640\" height=\"640\" preload=\"metadata\" controls=\"controls\"><source type=\"video\/mp4\" src=\"https:\/\/jugulajm.net\/wp-content\/uploads\/2022\/10\/video-01177778-022a-4d91-8540-8eaa882ce71a-1664987866-1.mp4?_=1\" \/><a href=\"https:\/\/jugulajm.net\/wp-content\/uploads\/2022\/10\/video-01177778-022a-4d91-8540-8eaa882ce71a-1664987866-1.mp4\">https:\/\/jugulajm.net\/wp-content\/uploads\/2022\/10\/video-01177778-022a-4d91-8540-8eaa882ce71a-1664987866-1.mp4<\/a><\/video><\/div>\n<\/div>\n","protected":false},"excerpt":{"rendered":"<p>Nj\u00eb automjet i parkuar, tip Mercedes-Benz ML me targe AA410IY n\u00eb pron\u00ebsi t\u00eb shtetasit E. D, \u00ebsht\u00eb djegur gjat\u00eb nat\u00ebs n\u00eb Sarand\u00eb. Ngjarja ka ndodhur n\u00eb Lagjen nr. 1, n\u00eb zon\u00ebn e rrug\u00ebs s\u00eb kat\u00ebrt, ku nga zjarri n\u00eb automjet jan\u00eb shkaktuar vet\u00ebm d\u00ebme materiale. Grupi hetimor po punon p\u00ebr sqarimin e rrethanave t\u00eb ngjarjes [&hellip;]<\/p>\n","protected":false},"author":5,"featured_media":50918,"comment_status":"open","ping_status":"open","sticky":false,"template":"","format":"standard","meta":{"footnotes":""},"categories":[1,6332],"tags":[],"class_list":{"0":"post-50916","1":"post","2":"type-post","3":"status-publish","4":"format-standard","5":"has-post-thumbnail","7":"category-aktualitet","8":"category-te-fundit"},"_links":{"self":[{"href":"https:\/\/jugulajm.net\/index.php?rest_route=\/wp\/v2\/posts\/50916","targetHints":{"allow":["GET"]}}],"collection":[{"href":"https:\/\/jugulajm.net\/index.php?rest_route=\/wp\/v2\/posts"}],"about":[{"href":"https:\/\/jugulajm.net\/index.php?rest_route=\/wp\/v2\/types\/post"}],"author":[{"embeddable":true,"href":"https:\/\/jugulajm.net\/index.php?rest_route=\/wp\/v2\/users\/5"}],"replies":[{"embeddable":true,"href":"https:\/\/jugulajm.net\/index.php?rest_route=%2Fwp%2Fv2%2Fcomments&post=50916"}],"version-history":[{"count":0,"href":"https:\/\/jugulajm.net\/index.php?rest_route=\/wp\/v2\/posts\/50916\/revisions"}],"wp:featuredmedia":[{"embeddable":true,"href":"https:\/\/jugulajm.net\/index.php?rest_route=\/wp\/v2\/media\/50918"}],"wp:attachment":[{"href":"https:\/\/jugulajm.net\/index.php?rest_route=%2Fwp%2Fv2%2Fmedia&parent=50916"}],"wp:term":[{"taxonomy":"category","embeddable":true,"href":"https:\/\/jugulajm.net\/index.php?rest_route=%2Fwp%2Fv2%2Fcategories&post=50916"},{"taxonomy":"post_tag","embeddable":true,"href":"https:\/\/jugulajm.net\/index.php?rest_route=%2Fwp%2Fv2%2Ftags&post=50916"}],"curies":[{"name":"wp","href":"https:\/\/api.w.org\/{rel}","templated":true}]}}