{"id":50841,"date":"2022-10-04T09:43:45","date_gmt":"2022-10-04T07:43:45","guid":{"rendered":"https:\/\/jugulajm.net\/?p=50841"},"modified":"2022-10-04T09:45:29","modified_gmt":"2022-10-04T07:45:29","slug":"rama-dronet-mund-ti-perdorim-dhe-per-goditje","status":"publish","type":"post","link":"https:\/\/jugulajm.net\/?p=50841","title":{"rendered":"Rama: Dron\u00ebt mund t\u2019i p\u00ebrdorim edhe p\u00ebr goditje"},"content":{"rendered":"<p style=\"font-weight: 400;\">Kreu i qeveris\u00eb Edi Rama n\u00eb nj\u00eb intervist\u00eb\u00a0 p\u00ebr \u201cNow\u201d n\u00eb Euronews, \u00ebsht\u00eb ka komentuar lajmin e publikuar n\u00eb disa media ku pretendohej se Irani \u00ebsht\u00eb i aft\u00eb t\u00eb godas\u00eb vendin ton\u00eb me \u201cdron\u00eb t\u00eb paduksh\u00ebm\u201d.<\/p>\n<p style=\"font-weight: 400;\">Rama zbuloi\u00a0\u00a0se p\u00ebr k\u00ebt\u00eb k\u00ebrc\u00ebnim jan\u00eb njoftuar aleat\u00ebt tan\u00eb t\u00eb NATO-s.<\/p>\n<p style=\"font-weight: 400;\">Kreu i qeveris\u00eb u shpreh se qeveria shqiptare do t\u00eb blej\u00eb nga Turqia, fillimisht 3 dron\u00eb, e m\u00eb pas 3 t\u00eb tjer\u00eb. M\u00eb tej Rama tha se dron\u00ebt e bler\u00eb do t\u00eb jen\u00eb nj\u00eb aset i fuqish\u00ebm p\u00ebr vendin n\u00eb luft\u00ebn kund\u00ebr krimit, nd\u00ebrtimet pa leje si dhe n\u00eb rastet kur \u00ebsht\u00eb e nevojshme \u201ct\u00eb goditet\u201d por pa sqaruar objektivin.<\/p>\n<p style=\"font-weight: 400;\"><b><strong><em>K\u00ebrc\u00ebnimi me dron t\u00eb paduksh\u00ebm nga Irani?<\/em><\/strong><\/b><\/p>\n<p style=\"font-weight: 400;\"><b><strong>Rama:<\/strong><\/b>\u00a0Jemi duke punuar me aleat\u00ebt p\u00ebr mbrojtjen kibernetike dhe k\u00ebt\u00eb k\u00ebrc\u00ebnim ua kemi adresuar aleat\u00ebve.<\/p>\n<p style=\"font-weight: 400;\"><em><b><strong>Keni vendosur t\u00eb blini 6 dron\u00eb?<\/strong><\/b><\/em><\/p>\n<p style=\"font-weight: 400;\"><b><strong>Rama:<\/strong><\/b>\u00a0Fillimisht do blejm\u00eb 3, na duhen p\u00ebr mbrojtjen kund\u00ebr krimit, bujq\u00ebsin\u00eb, nd\u00ebrtimet pa leje dhe n\u00eb rast kur \u00ebsht\u00eb nevoj\u00eb p\u00ebr goditje.<\/p>\n","protected":false},"excerpt":{"rendered":"<p>Kreu i qeveris\u00eb Edi Rama n\u00eb nj\u00eb intervist\u00eb\u00a0 p\u00ebr \u201cNow\u201d n\u00eb Euronews, \u00ebsht\u00eb ka komentuar lajmin e publikuar n\u00eb disa media ku pretendohej se Irani \u00ebsht\u00eb i aft\u00eb t\u00eb godas\u00eb vendin ton\u00eb me \u201cdron\u00eb t\u00eb paduksh\u00ebm\u201d. Rama zbuloi\u00a0\u00a0se p\u00ebr k\u00ebt\u00eb k\u00ebrc\u00ebnim jan\u00eb njoftuar aleat\u00ebt tan\u00eb t\u00eb NATO-s. Kreu i qeveris\u00eb u shpreh se qeveria shqiptare [&hellip;]<\/p>\n","protected":false},"author":5,"featured_media":50659,"comment_status":"open","ping_status":"open","sticky":false,"template":"","format":"standard","meta":{"footnotes":""},"categories":[6326,6332],"tags":[],"class_list":{"0":"post-50841","1":"post","2":"type-post","3":"status-publish","4":"format-standard","5":"has-post-thumbnail","7":"category-politike","8":"category-te-fundit"},"_links":{"self":[{"href":"https:\/\/jugulajm.net\/index.php?rest_route=\/wp\/v2\/posts\/50841","targetHints":{"allow":["GET"]}}],"collection":[{"href":"https:\/\/jugulajm.net\/index.php?rest_route=\/wp\/v2\/posts"}],"about":[{"href":"https:\/\/jugulajm.net\/index.php?rest_route=\/wp\/v2\/types\/post"}],"author":[{"embeddable":true,"href":"https:\/\/jugulajm.net\/index.php?rest_route=\/wp\/v2\/users\/5"}],"replies":[{"embeddable":true,"href":"https:\/\/jugulajm.net\/index.php?rest_route=%2Fwp%2Fv2%2Fcomments&post=50841"}],"version-history":[{"count":0,"href":"https:\/\/jugulajm.net\/index.php?rest_route=\/wp\/v2\/posts\/50841\/revisions"}],"wp:featuredmedia":[{"embeddable":true,"href":"https:\/\/jugulajm.net\/index.php?rest_route=\/wp\/v2\/media\/50659"}],"wp:attachment":[{"href":"https:\/\/jugulajm.net\/index.php?rest_route=%2Fwp%2Fv2%2Fmedia&parent=50841"}],"wp:term":[{"taxonomy":"category","embeddable":true,"href":"https:\/\/jugulajm.net\/index.php?rest_route=%2Fwp%2Fv2%2Fcategories&post=50841"},{"taxonomy":"post_tag","embeddable":true,"href":"https:\/\/jugulajm.net\/index.php?rest_route=%2Fwp%2Fv2%2Ftags&post=50841"}],"curies":[{"name":"wp","href":"https:\/\/api.w.org\/{rel}","templated":true}]}}