{"id":50758,"date":"2022-10-02T13:02:57","date_gmt":"2022-10-02T11:02:57","guid":{"rendered":"https:\/\/jugulajm.net\/?p=50758"},"modified":"2022-10-02T13:02:57","modified_gmt":"2022-10-02T11:02:57","slug":"ervisa-vajza-e-forcave-te-armatosura-te-shqiperise","status":"publish","type":"post","link":"https:\/\/jugulajm.net\/?p=50758","title":{"rendered":"Ervisa, vajza e Forcave t\u00eb Armatosura t\u00eb Shqip\u00ebris\u00eb"},"content":{"rendered":"<p>Njihuni me Ervisen, vajzen model te Forcave t\u00eb Armatosura t\u00eb Shqip\u00ebris\u00eb.<\/p>\n<p>Prej dy vitesh Ervisa Haldeda mban t\u00eb veshur uniform\u00ebn e ushtris\u00eb.<\/p>\n<p>25-vje\u00e7arja nga Dibra jo vet\u00ebm q\u00eb nuk e mendon largimin nga Shqip\u00ebria po ka zgjedhur t`i sh\u00ebrbej\u00eb Atdheut duke ushtruar nj\u00eb profesion t\u00eb rrall\u00eb e jo pak t\u00eb v\u00ebshtir\u00eb p\u00ebr gjinin\u00eb e saj.<\/p>\n<p><em>\u201cT\u2019i sh\u00ebrbej atdheut, kjo \u00ebsht\u00eb gj\u00ebja m\u00eb e mir\u00eb q\u00eb t\u00eb b\u00ebj.\u201d<\/em><\/p>\n<p>Thot\u00eb se largimi nga vendi dhe braktisja e tok\u00ebs s\u00eb t\u00eb par\u00ebve nuk \u00ebsht\u00eb zgjidhje.<\/p>\n<p><em>\u201cSa m\u00eb shum\u00eb t\u00eb q\u00ebndrosh k\u00ebtu aq m\u00eb shum\u00eb do ta duash.\u201d<\/em><\/p>\n<p>Kur vendosi t\u00eb b\u00ebhej pjes\u00eb e Forcave t\u00eb Armatosura t\u00eb Shqip\u00ebris\u00eb Ervisa tregon se u p\u00ebrball me paragjykimin e shoq\u00ebris\u00eb dhe ngurrimin e t\u00eb af\u00ebrmve.<\/p>\n<p>\u201cFillimi i ka qen\u00eb shum\u00eb i v\u00ebshtir\u00eb dhe m\u00eb thonin mendohu mir\u00eb. M\u00eb zuri frika.\u201d<\/p>\n<p>Megjithat\u00eb nuk u l\u00ebkund n\u00eb realizimin e \u00ebndrr\u00ebs q\u00eb e shoq\u00ebronte prej f\u00ebmij\u00ebris\u00eb.<\/p>\n<p><em>\u201cKa qen\u00eb d\u00ebshira ime qysh e vog\u00ebl sepse kam qen\u00eb e apasionuar.\u201d<\/em><\/p>\n<p>T\u00eb jesh ushtare thot\u00eb se k\u00ebrkon shum\u00eb sakrifica e m\u00eb e madhja p\u00ebr t\u00eb \u00ebsht\u00eb largimi nga familja.<\/p>\n<p><em>\u201cKam marr\u00eb pjes\u00eb n\u00eb Defender 21 dhe u largova nga familja 1 muaj.\u201d<\/em><\/p>\n<p>Vet\u00ebm 3 vajza jan\u00eb n\u00eb kompanin\u00eb e saj. P\u00ebrshtatja me nj\u00eb mjedis ku dominojn\u00eb djemt\u00eb dhe arritja e rezultateve t\u00eb tyre n\u00eb st\u00ebrvitje p\u00ebrb\u00ebn sfid\u00eb p\u00ebr Ervis\u00ebn.<\/p>\n<p><em>\u201cV\u00ebshtir\u00ebsia q\u00eb kam m\u00eb shum\u00eb \u00ebsht\u00eb p\u00ebrshtatja me djemt\u00eb. Marrim pjes\u00eb n\u00eb st\u00ebrvitje, por b\u00ebj st\u00ebrvitje me 30 djem dhe ka kritere t\u00eb v\u00ebshtira.\u201d<\/em><\/p>\n<p>V\u00ebshtir\u00ebsit\u00eb e \u00e7do dite nuk ka ja kan\u00eb zbehur d\u00ebshir\u00ebn n\u00eb ushtrimin e misionit t\u00eb saj. Thot\u00eb se nga ushtria nuk do t\u00eb heq\u00eb kurr\u00eb dor\u00eb.<\/p>\n<p><em>\u201cD\u00ebshira ime \u00ebsht\u00eb k\u00ebmb\u00ebsoria, nuk mendoj ta ndryshoj dhe nuk do t\u00eb b\u00ebj di\u00e7ka tjet\u00ebr.\u201d<\/em><\/p>\n<p>Ervisa Haldeda \u00ebsht\u00eb nj\u00eb nga 1 mij\u00eb efektiv\u00ebt e ushtris\u00eb, pjes\u00eb e Grup Batalionit t\u00eb K\u00ebmb\u00ebsoris\u00eb s\u00eb Leht\u00eb, q\u00eb n\u00eb shtator u certifikua nga NATO si i gatsh\u00ebm p\u00ebr t\u00eb marr\u00eb pjes\u00eb n\u00eb operacionet ushtarake t\u00eb Aleanc\u00ebs.<\/p>\n","protected":false},"excerpt":{"rendered":"<p>Njihuni me Ervisen, vajzen model te Forcave t\u00eb Armatosura t\u00eb Shqip\u00ebris\u00eb. Prej dy vitesh Ervisa Haldeda mban t\u00eb veshur uniform\u00ebn e ushtris\u00eb. 25-vje\u00e7arja nga Dibra jo vet\u00ebm q\u00eb nuk e mendon largimin nga Shqip\u00ebria po ka zgjedhur t`i sh\u00ebrbej\u00eb Atdheut duke ushtruar nj\u00eb profesion t\u00eb rrall\u00eb e jo pak t\u00eb v\u00ebshtir\u00eb p\u00ebr gjinin\u00eb e saj. [&hellip;]<\/p>\n","protected":false},"author":5,"featured_media":50759,"comment_status":"open","ping_status":"open","sticky":false,"template":"","format":"standard","meta":{"footnotes":""},"categories":[1,6332],"tags":[],"class_list":{"0":"post-50758","1":"post","2":"type-post","3":"status-publish","4":"format-standard","5":"has-post-thumbnail","7":"category-aktualitet","8":"category-te-fundit"},"_links":{"self":[{"href":"https:\/\/jugulajm.net\/index.php?rest_route=\/wp\/v2\/posts\/50758","targetHints":{"allow":["GET"]}}],"collection":[{"href":"https:\/\/jugulajm.net\/index.php?rest_route=\/wp\/v2\/posts"}],"about":[{"href":"https:\/\/jugulajm.net\/index.php?rest_route=\/wp\/v2\/types\/post"}],"author":[{"embeddable":true,"href":"https:\/\/jugulajm.net\/index.php?rest_route=\/wp\/v2\/users\/5"}],"replies":[{"embeddable":true,"href":"https:\/\/jugulajm.net\/index.php?rest_route=%2Fwp%2Fv2%2Fcomments&post=50758"}],"version-history":[{"count":0,"href":"https:\/\/jugulajm.net\/index.php?rest_route=\/wp\/v2\/posts\/50758\/revisions"}],"wp:featuredmedia":[{"embeddable":true,"href":"https:\/\/jugulajm.net\/index.php?rest_route=\/wp\/v2\/media\/50759"}],"wp:attachment":[{"href":"https:\/\/jugulajm.net\/index.php?rest_route=%2Fwp%2Fv2%2Fmedia&parent=50758"}],"wp:term":[{"taxonomy":"category","embeddable":true,"href":"https:\/\/jugulajm.net\/index.php?rest_route=%2Fwp%2Fv2%2Fcategories&post=50758"},{"taxonomy":"post_tag","embeddable":true,"href":"https:\/\/jugulajm.net\/index.php?rest_route=%2Fwp%2Fv2%2Ftags&post=50758"}],"curies":[{"name":"wp","href":"https:\/\/api.w.org\/{rel}","templated":true}]}}