{"id":50743,"date":"2022-10-01T19:59:49","date_gmt":"2022-10-01T17:59:49","guid":{"rendered":"https:\/\/jugulajm.net\/?p=50743"},"modified":"2022-10-01T19:59:49","modified_gmt":"2022-10-01T17:59:49","slug":"detaje-e-mitura-ne-sarande-u-rrezua-nga-ballkoni-e-ema-e-mbyllte-ne-shtepi-se-shkonte-ne-pune","status":"publish","type":"post","link":"https:\/\/jugulajm.net\/?p=50743","title":{"rendered":"DETAJE\/ E mitura n\u00eb Sarand\u00eb u rr\u00ebzua nga ballkoni, e \u00ebma e mbyllte n\u00eb sht\u00ebpi se shkonte n\u00eb pun\u00eb"},"content":{"rendered":"<p>Sot n\u00eb qytetin e Sarand\u00ebs, nj\u00eb 11 vje\u00e7are u rr\u00ebzua nga kati i kat\u00ebrt i pallatit t\u00eb saj, teksa u nis drejt spitalit t\u00eb Traum\u00ebs p\u00ebr ndihm\u00eb m\u00eb t\u00eb specializuar mjek\u00ebsore. Vajza ndodhet n\u00eb gjendje t\u00eb r\u00ebnd\u00eb sh\u00ebndet\u00ebsore, nd\u00ebrsa \u00ebsht\u00eb futur n\u00eb sall\u00ebn kirurgjikale n\u00eb spitalin e Traum\u00ebs dhe po i n\u00ebnshtrohet nj\u00eb operacioni.<\/p>\n<p>E mitura ka qen\u00eb n\u00eb ballkonin e banes\u00ebs, bashk\u00eb me t\u00eb v\u00ebllan\u00eb e saj dhe p\u00ebr nj\u00eb moment ka humbur ekuilibrin dhe ka r\u00ebn\u00eb nga lart\u00ebsia e katit t\u00eb kat\u00ebrt.<\/p>\n<p>Burime p\u00ebr mediat b\u00ebjn\u00eb me dije se e mitura ka dashur t\u00eb kaloj\u00eb nga ballkoni n\u00eb nj\u00eb tarrac\u00eb kur \u00ebsht\u00eb rr\u00ebzuar.<\/p>\n<p>Ka qen\u00eb nj\u00eb polici i cili ka par\u00eb ngjarjen pasi ka sht\u00ebpin\u00eb p\u00ebrball\u00eb me at\u00eb t\u00eb 11-vje\u00e7ares dhe pik\u00ebrisht efektivi ka marr\u00eb vajz\u00ebn p\u00ebr ta \u00e7uar me makin\u00ebn e tij n\u00eb spital. E mitura ka marr\u00eb goditje n\u00eb kok\u00eb dhe kishte fraktura n\u00eb k\u00ebmb\u00eb dhe dor\u00eb. M\u00ebsohet se n\u00ebna e t\u00eb mitur\u00ebs shkonte n\u00eb pun\u00eb \u00e7do dit\u00eb dhe f\u00ebmij\u00ebt i mbyllte n\u00eb banes\u00eb.<\/p>\n","protected":false},"excerpt":{"rendered":"<p>Sot n\u00eb qytetin e Sarand\u00ebs, nj\u00eb 11 vje\u00e7are u rr\u00ebzua nga kati i kat\u00ebrt i pallatit t\u00eb saj, teksa u nis drejt spitalit t\u00eb Traum\u00ebs p\u00ebr ndihm\u00eb m\u00eb t\u00eb specializuar mjek\u00ebsore. Vajza ndodhet n\u00eb gjendje t\u00eb r\u00ebnd\u00eb sh\u00ebndet\u00ebsore, nd\u00ebrsa \u00ebsht\u00eb futur n\u00eb sall\u00ebn kirurgjikale n\u00eb spitalin e Traum\u00ebs dhe po i n\u00ebnshtrohet nj\u00eb operacioni. E [&hellip;]<\/p>\n","protected":false},"author":5,"featured_media":50744,"comment_status":"open","ping_status":"open","sticky":false,"template":"","format":"standard","meta":{"footnotes":""},"categories":[1,6332],"tags":[],"class_list":{"0":"post-50743","1":"post","2":"type-post","3":"status-publish","4":"format-standard","5":"has-post-thumbnail","7":"category-aktualitet","8":"category-te-fundit"},"_links":{"self":[{"href":"https:\/\/jugulajm.net\/index.php?rest_route=\/wp\/v2\/posts\/50743","targetHints":{"allow":["GET"]}}],"collection":[{"href":"https:\/\/jugulajm.net\/index.php?rest_route=\/wp\/v2\/posts"}],"about":[{"href":"https:\/\/jugulajm.net\/index.php?rest_route=\/wp\/v2\/types\/post"}],"author":[{"embeddable":true,"href":"https:\/\/jugulajm.net\/index.php?rest_route=\/wp\/v2\/users\/5"}],"replies":[{"embeddable":true,"href":"https:\/\/jugulajm.net\/index.php?rest_route=%2Fwp%2Fv2%2Fcomments&post=50743"}],"version-history":[{"count":0,"href":"https:\/\/jugulajm.net\/index.php?rest_route=\/wp\/v2\/posts\/50743\/revisions"}],"wp:featuredmedia":[{"embeddable":true,"href":"https:\/\/jugulajm.net\/index.php?rest_route=\/wp\/v2\/media\/50744"}],"wp:attachment":[{"href":"https:\/\/jugulajm.net\/index.php?rest_route=%2Fwp%2Fv2%2Fmedia&parent=50743"}],"wp:term":[{"taxonomy":"category","embeddable":true,"href":"https:\/\/jugulajm.net\/index.php?rest_route=%2Fwp%2Fv2%2Fcategories&post=50743"},{"taxonomy":"post_tag","embeddable":true,"href":"https:\/\/jugulajm.net\/index.php?rest_route=%2Fwp%2Fv2%2Ftags&post=50743"}],"curies":[{"name":"wp","href":"https:\/\/api.w.org\/{rel}","templated":true}]}}