{"id":50698,"date":"2022-09-30T11:27:16","date_gmt":"2022-09-30T09:27:16","guid":{"rendered":"https:\/\/jugulajm.net\/?p=50698"},"modified":"2022-09-30T11:27:16","modified_gmt":"2022-09-30T09:27:16","slug":"lajm-i-fundit-nderron-mendje-rama-fasha-800-kw-nuk-do-te-hyje-ne-fuqi-ne-tetor","status":"publish","type":"post","link":"https:\/\/jugulajm.net\/?p=50698","title":{"rendered":"LAJM I FUNDIT\/ Nd\u00ebrron mendje Rama: Fasha 800 kw nuk do t\u00eb hyj\u00eb n\u00eb fuqi n\u00eb tetor"},"content":{"rendered":"<p>Kryeministri Edi Rama ka njoftuar se fasha 800KW p\u00ebr konsumator\u00ebt familjar\u00eb nuk do t\u00eb hyj\u00eb n\u00eb fuqi n\u00eb tetor.<\/p>\n<p><strong>Rama:<\/strong><\/p>\n<p>NJ\u00cb LAJM POZITIV dhe pse nuk do t\u00eb hyj\u00eb n\u00eb fuqi n\u00eb tetor fasha 800KW p\u00ebr konsumator\u00ebt familjar\u00eb.<\/p>\n<p>M\u00eb her\u00ebt kryeministri Edi Rama dhe ministrja e Infrastruktur\u00ebs dhe Energjitik\u00ebs Belinda Balluku kan\u00eb deklaruar se prej dat\u00ebs 1 tetor dhe deri n\u00eb fund t\u00eb dhjetorit familjet q\u00eb do t\u00eb shpenzonin mbi 800 kilovat\u00eb energji n\u00eb muaj do ta paguanin at\u00eb m\u00eb shtrenjt\u00eb. Sipas Ballukur ky ndryshim do t\u00eb prekte vet\u00ebm 4 % e familjeve, q\u00eb sipas saj konsumojn\u00eb rreth 16% t\u00eb energjis\u00eb.<\/p>\n","protected":false},"excerpt":{"rendered":"<p>Kryeministri Edi Rama ka njoftuar se fasha 800KW p\u00ebr konsumator\u00ebt familjar\u00eb nuk do t\u00eb hyj\u00eb n\u00eb fuqi n\u00eb tetor. Rama: NJ\u00cb LAJM POZITIV dhe pse nuk do t\u00eb hyj\u00eb n\u00eb fuqi n\u00eb tetor fasha 800KW p\u00ebr konsumator\u00ebt familjar\u00eb. M\u00eb her\u00ebt kryeministri Edi Rama dhe ministrja e Infrastruktur\u00ebs dhe Energjitik\u00ebs Belinda Balluku kan\u00eb deklaruar se prej [&hellip;]<\/p>\n","protected":false},"author":5,"featured_media":50700,"comment_status":"open","ping_status":"open","sticky":false,"template":"","format":"standard","meta":{"footnotes":""},"categories":[6327,6332],"tags":[],"class_list":{"0":"post-50698","1":"post","2":"type-post","3":"status-publish","4":"format-standard","5":"has-post-thumbnail","7":"category-ekonomi","8":"category-te-fundit"},"_links":{"self":[{"href":"https:\/\/jugulajm.net\/index.php?rest_route=\/wp\/v2\/posts\/50698","targetHints":{"allow":["GET"]}}],"collection":[{"href":"https:\/\/jugulajm.net\/index.php?rest_route=\/wp\/v2\/posts"}],"about":[{"href":"https:\/\/jugulajm.net\/index.php?rest_route=\/wp\/v2\/types\/post"}],"author":[{"embeddable":true,"href":"https:\/\/jugulajm.net\/index.php?rest_route=\/wp\/v2\/users\/5"}],"replies":[{"embeddable":true,"href":"https:\/\/jugulajm.net\/index.php?rest_route=%2Fwp%2Fv2%2Fcomments&post=50698"}],"version-history":[{"count":0,"href":"https:\/\/jugulajm.net\/index.php?rest_route=\/wp\/v2\/posts\/50698\/revisions"}],"wp:featuredmedia":[{"embeddable":true,"href":"https:\/\/jugulajm.net\/index.php?rest_route=\/wp\/v2\/media\/50700"}],"wp:attachment":[{"href":"https:\/\/jugulajm.net\/index.php?rest_route=%2Fwp%2Fv2%2Fmedia&parent=50698"}],"wp:term":[{"taxonomy":"category","embeddable":true,"href":"https:\/\/jugulajm.net\/index.php?rest_route=%2Fwp%2Fv2%2Fcategories&post=50698"},{"taxonomy":"post_tag","embeddable":true,"href":"https:\/\/jugulajm.net\/index.php?rest_route=%2Fwp%2Fv2%2Ftags&post=50698"}],"curies":[{"name":"wp","href":"https:\/\/api.w.org\/{rel}","templated":true}]}}