{"id":50635,"date":"2022-09-28T16:30:23","date_gmt":"2022-09-28T14:30:23","guid":{"rendered":"https:\/\/jugulajm.net\/?p=50635"},"modified":"2022-09-28T16:30:23","modified_gmt":"2022-09-28T14:30:23","slug":"kamperi-grabitet-ne-gjermani-gjendet-ne-nje-servis-ne-sarande-arrestohet-pronari","status":"publish","type":"post","link":"https:\/\/jugulajm.net\/?p=50635","title":{"rendered":"Kamperi grabitet n\u00eb Gjermani, gjendet n\u00eb nj\u00eb servis n\u00eb Sarand\u00eb, arrestohet pronari"},"content":{"rendered":"<p>Nj\u00eb 37-vje\u00e7ar, B. M. \u00ebsht\u00eb arrestuar nga policia e Sarand\u00ebs, pasi n\u00eb servisin e tij \u00ebsht\u00eb gjetur nj\u00eb kamper, i grabitur n\u00eb Gjermani.<\/p>\n<p>Personi ne fjale akuzohet p\u00ebr trafikimin e mjetit, por ai ka deklaruar se nuk ka asnj\u00eb lidhje me k\u00ebt\u00eb ngjarje.<\/p>\n<p>Sipas tij, nj\u00eb i moshuar, ia ka l\u00ebn\u00eb n\u00eb servis p\u00ebr ta lyer dhe m\u00eb pas \u00ebsht\u00eb larguar.<\/p>\n<p><b>Njoftimi I Policis\u00eb:<\/b><\/p>\n<p>Nga specialist\u00ebt p\u00ebr Hetimin e Krimeve t\u00eb Komisariatit t\u00eb Policis\u00eb Sarand\u00eb u referuan materialet n\u00eb Prokurori dhe nisi procedimi penal n\u00eb gjendje t\u00eb lir\u00eb p\u00ebr shtetasin B. M., 37 vje\u00e7, pasi dyshohet se ka trafikuar automjetin e mark\u00ebs \u201cFiat\u201d, i cili rezulton i vjedhur n\u00eb Gjermani. Automjeti u sekuestrua n\u00eb cil\u00ebsin\u00eb e prov\u00ebs materiale.<\/p>\n","protected":false},"excerpt":{"rendered":"<p>Nj\u00eb 37-vje\u00e7ar, B. M. \u00ebsht\u00eb arrestuar nga policia e Sarand\u00ebs, pasi n\u00eb servisin e tij \u00ebsht\u00eb gjetur nj\u00eb kamper, i grabitur n\u00eb Gjermani. Personi ne fjale akuzohet p\u00ebr trafikimin e mjetit, por ai ka deklaruar se nuk ka asnj\u00eb lidhje me k\u00ebt\u00eb ngjarje. Sipas tij, nj\u00eb i moshuar, ia ka l\u00ebn\u00eb n\u00eb servis p\u00ebr ta [&hellip;]<\/p>\n","protected":false},"author":5,"featured_media":50636,"comment_status":"open","ping_status":"open","sticky":false,"template":"","format":"standard","meta":{"footnotes":""},"categories":[1,6332],"tags":[19694],"class_list":{"0":"post-50635","1":"post","2":"type-post","3":"status-publish","4":"format-standard","5":"has-post-thumbnail","7":"category-aktualitet","8":"category-te-fundit","9":"tag-arrestohet-pronari"},"_links":{"self":[{"href":"https:\/\/jugulajm.net\/index.php?rest_route=\/wp\/v2\/posts\/50635","targetHints":{"allow":["GET"]}}],"collection":[{"href":"https:\/\/jugulajm.net\/index.php?rest_route=\/wp\/v2\/posts"}],"about":[{"href":"https:\/\/jugulajm.net\/index.php?rest_route=\/wp\/v2\/types\/post"}],"author":[{"embeddable":true,"href":"https:\/\/jugulajm.net\/index.php?rest_route=\/wp\/v2\/users\/5"}],"replies":[{"embeddable":true,"href":"https:\/\/jugulajm.net\/index.php?rest_route=%2Fwp%2Fv2%2Fcomments&post=50635"}],"version-history":[{"count":0,"href":"https:\/\/jugulajm.net\/index.php?rest_route=\/wp\/v2\/posts\/50635\/revisions"}],"wp:featuredmedia":[{"embeddable":true,"href":"https:\/\/jugulajm.net\/index.php?rest_route=\/wp\/v2\/media\/50636"}],"wp:attachment":[{"href":"https:\/\/jugulajm.net\/index.php?rest_route=%2Fwp%2Fv2%2Fmedia&parent=50635"}],"wp:term":[{"taxonomy":"category","embeddable":true,"href":"https:\/\/jugulajm.net\/index.php?rest_route=%2Fwp%2Fv2%2Fcategories&post=50635"},{"taxonomy":"post_tag","embeddable":true,"href":"https:\/\/jugulajm.net\/index.php?rest_route=%2Fwp%2Fv2%2Ftags&post=50635"}],"curies":[{"name":"wp","href":"https:\/\/api.w.org\/{rel}","templated":true}]}}