{"id":50479,"date":"2022-09-24T14:05:52","date_gmt":"2022-09-24T12:05:52","guid":{"rendered":"https:\/\/jugulajm.net\/?p=50479"},"modified":"2022-09-24T14:23:31","modified_gmt":"2022-09-24T12:23:31","slug":"arrestimi-i-mjekut-reagon-shoqata-e-mjekeve-ashtu-sjane-kapur-as-kriminelet","status":"publish","type":"post","link":"https:\/\/jugulajm.net\/?p=50479","title":{"rendered":"Arrestimi i mjekut\/ Reagon shoqata e mjek\u00ebve: Ashtu s\u2019jan\u00eb kapur as kriminel\u00ebt"},"content":{"rendered":"<p>Shoqata e Anestezist\u00ebve dhe Reanimator\u00ebve t\u00eb Shqip\u00ebris\u00eb, reagon p\u00ebr arrestimin e mjekut pasditen e djeshme te Spitali i Traum\u00ebs, duke d\u00ebnuar m\u00ebnyr\u00ebn q\u00eb u zgjodh nga Policia e Shtetit p\u00ebr operacionin, me agjent me maska dhe t\u00eb armatosur.<\/p>\n<p>\u201cJemi t\u00eb sigurt q\u00eb kolegu mjek do t\u00eb ishte paraqitur pran\u00eb organeve p\u00ebrkat\u00ebse edhe me nj\u00eb flet\u00ebthirrje t\u00eb thjesht\u00eb. T\u00eb mos harrojm\u00eb as vij\u00ebn shum\u00eb t\u00eb holl\u00eb q\u00eb ndan simulimin gjat\u00eb hetimit dhe provokimin, gj\u00eb q\u00eb ata q\u00eb organizojn\u00eb operacione t\u00eb tilla e din\u00eb shum\u00eb mir\u00eb\u201d, thuhet n\u00eb reagim.<\/p>\n<p>Po ahstu, Shoqata shkruan se pamjet e b\u00ebra publike ku mjeku me uniform\u00eb shoq\u00ebrohet nga polic\u00eb t\u00eb maskuar nuk i sh\u00ebrbejn\u00eb askujt q\u00eb k\u00ebrkon me t\u00eb v\u00ebrtet\u00eb p\u00ebrmir\u00ebsimin e sh\u00ebrbimit sh\u00ebndet\u00ebsor n\u00eb vend.<\/p>\n<p><strong>Reagimi i plot\u00eb \u2013 Shoqata e Anestezist\u00ebve dhe Reanimator\u00ebve t\u00eb Shqip\u00ebris\u00eb<\/strong><\/p>\n<p>Shoqata e Anestezist\u00ebve dhe Reanimator\u00ebve t\u00eb Shqip\u00ebris\u00eb po ndjek me shum\u00eb v\u00ebmendje rastin e ndalimit t\u00eb kolegut ton\u00eb anestezist n\u00eb Spitalin e Traum\u00ebs, Fitim Marku. Nd\u00ebrkoh\u00eb q\u00eb mb\u00ebshtesim cdo veprim t\u00eb organeve ligjzbatuese p\u00ebr hetimin dhe nd\u00ebshkimin e cdo shkeljeje t\u00eb kryer nga kushdo gjat\u00eb ushtrimit te detyr\u00ebs, shprehim shqet\u00ebsimin ton\u00eb p\u00ebr m\u00ebnyr\u00ebn denigruese t\u00eb ndalimit t\u00eb mjekut.<\/p>\n<p>Pamje t\u00eb tilla, t\u00eb b\u00ebra publike, ku mjeku me uniform\u00eb shoq\u00ebrohet nga polic\u00eb t\u00eb maskuar nuk i sh\u00ebrbejn\u00eb askujt q\u00eb k\u00ebrkon me t\u00eb v\u00ebrtet\u00eb p\u00ebrmir\u00ebsimin e sh\u00ebrbimit sh\u00ebndet\u00ebsor n\u00eb vend. Vlen t\u00eb kujtojm\u00eb se operacione t\u00eb tilla, t\u00eb organizuara me kaq buj\u00eb mediatike, nuk i kemi par\u00eb as n\u00eb rastet e ndalimit t\u00eb kriminel\u00ebve t\u00eb rreziksh\u00ebm apo zyrtar\u00ebve t\u00eb lart\u00eb t\u00eb akuzuar p\u00ebr korrupsion t\u00eb p\u00ebrmasave t\u00eb m\u00ebdha!<\/p>\n<p>Jemi t\u00eb sigurt q\u00eb kolegu mjek do t\u00eb ishte paraqitur pran\u00eb organeve p\u00ebrkat\u00ebse edhe me nj\u00eb flet\u00ebthirrje t\u00eb thjesht\u00eb. T\u00eb mos harrojm\u00eb as vij\u00ebn shum\u00eb t\u00eb holl\u00eb q\u00eb ndan simulimin gjat\u00eb hetimit dhe provokimin, gj\u00eb q\u00eb ata q\u00eb organizojn\u00eb operacione t\u00eb tilla e din\u00eb shum\u00eb mir\u00eb. Urojm\u00eb q\u00eb kolegu t\u00eb provoj\u00eb past\u00ebrtin\u00eb e figur\u00ebs s\u00eb tij, n\u00ebp\u00ebrmjet nj\u00eb procesi t\u00eb drejt\u00eb ligjor!<\/p>\n","protected":false},"excerpt":{"rendered":"<p>Shoqata e Anestezist\u00ebve dhe Reanimator\u00ebve t\u00eb Shqip\u00ebris\u00eb, reagon p\u00ebr arrestimin e mjekut pasditen e djeshme te Spitali i Traum\u00ebs, duke d\u00ebnuar m\u00ebnyr\u00ebn q\u00eb u zgjodh nga Policia e Shtetit p\u00ebr operacionin, me agjent me maska dhe t\u00eb armatosur. \u201cJemi t\u00eb sigurt q\u00eb kolegu mjek do t\u00eb ishte paraqitur pran\u00eb organeve p\u00ebrkat\u00ebse edhe me nj\u00eb flet\u00ebthirrje [&hellip;]<\/p>\n","protected":false},"author":5,"featured_media":50483,"comment_status":"open","ping_status":"open","sticky":false,"template":"","format":"standard","meta":{"footnotes":""},"categories":[1,6332],"tags":[19632],"class_list":{"0":"post-50479","1":"post","2":"type-post","3":"status-publish","4":"format-standard","5":"has-post-thumbnail","7":"category-aktualitet","8":"category-te-fundit","9":"tag-arrestimi-i-mjekut-reagon-shoqata-e-mjekeve-ashtu-sjane-kapur-as-kriminelet"},"_links":{"self":[{"href":"https:\/\/jugulajm.net\/index.php?rest_route=\/wp\/v2\/posts\/50479","targetHints":{"allow":["GET"]}}],"collection":[{"href":"https:\/\/jugulajm.net\/index.php?rest_route=\/wp\/v2\/posts"}],"about":[{"href":"https:\/\/jugulajm.net\/index.php?rest_route=\/wp\/v2\/types\/post"}],"author":[{"embeddable":true,"href":"https:\/\/jugulajm.net\/index.php?rest_route=\/wp\/v2\/users\/5"}],"replies":[{"embeddable":true,"href":"https:\/\/jugulajm.net\/index.php?rest_route=%2Fwp%2Fv2%2Fcomments&post=50479"}],"version-history":[{"count":0,"href":"https:\/\/jugulajm.net\/index.php?rest_route=\/wp\/v2\/posts\/50479\/revisions"}],"wp:featuredmedia":[{"embeddable":true,"href":"https:\/\/jugulajm.net\/index.php?rest_route=\/wp\/v2\/media\/50483"}],"wp:attachment":[{"href":"https:\/\/jugulajm.net\/index.php?rest_route=%2Fwp%2Fv2%2Fmedia&parent=50479"}],"wp:term":[{"taxonomy":"category","embeddable":true,"href":"https:\/\/jugulajm.net\/index.php?rest_route=%2Fwp%2Fv2%2Fcategories&post=50479"},{"taxonomy":"post_tag","embeddable":true,"href":"https:\/\/jugulajm.net\/index.php?rest_route=%2Fwp%2Fv2%2Ftags&post=50479"}],"curies":[{"name":"wp","href":"https:\/\/api.w.org\/{rel}","templated":true}]}}