{"id":50438,"date":"2022-09-23T08:59:03","date_gmt":"2022-09-23T06:59:03","guid":{"rendered":"https:\/\/jugulajm.net\/?p=50438"},"modified":"2022-09-23T08:59:35","modified_gmt":"2022-09-23T06:59:35","slug":"video-cobial-ndot-ajrin-ne-tepelene-inspektoriati-i-mjedisit-pranon-krimin-mjedisor-banoret-hidhen-ne-proteste","status":"publish","type":"post","link":"https:\/\/jugulajm.net\/?p=50438","title":{"rendered":"VIDEO\/COBIAL ndot ajrin n\u00eb Tepelen\u00eb, Inspektoriati i Mjedisit pranon krimin mjedisor, banor\u00ebt hidhen n\u00eb protest\u00eb"},"content":{"rendered":"<p>N\u00eb af\u00ebrsi t\u00eb fshatit Majkosh, ne Tepelen\u00eb ndodhet impianti q\u00eb p\u00ebrpunon inertet dhe bitumin q\u00eb sh\u00ebrben p\u00ebr shtrimin e rrug\u00ebve. Banor\u00ebt kan\u00eb shprehur shqet\u00ebsim p\u00ebr ndotjen e ajrit. Ata kan\u00eb k\u00ebrkuar ndihm\u00eb nga Bashkia por s\u2019kan\u00eb marr\u00eb p\u00ebrgjigje.<\/p>\n<p>N\u00eb \u00e7do or\u00eb t\u00eb dit\u00ebs, oxhaku \u00e7liron tym q\u00eb mbulon jo vet\u00ebm Tepelen\u00ebn por edhe n\u00eb Memaliaj. Ata q\u00eb p\u00ebsojn\u00eb d\u00ebmet m\u00eb t\u00eb shumta jan\u00eb banor\u00ebt e fshatit Majkosh.<\/p>\n<p>&#8220;Shqet\u00ebsuese shum\u00eb, s\u2019ka ku shkon m\u00eb. Plus k\u00ebsaj aty tutje digjen dhe mbeturinat e qytetit. Ne jemi fshat n\u00eb harres\u00eb, pa uj\u00eb, pim\u00eb uj\u00eb pusesh, jemi pa xhade&#8221;.<\/p>\n<p>Ne probleme kemi, jemi ankuar dhe s\u2019kemi marr\u00eb zgjidhje. Un\u00eb jam m\u00eb af\u00ebr nga t\u00eb gjith\u00eb nga fabrika&#8230; dhe nuk ka zgjidhje, ku t\u00eb ankohemi?! Nj\u00eb pjes\u00eb e banor\u00ebve jan\u00eb pun\u00ebsuar aty dhe nuk ndihen&#8221;.<\/p>\n<p>\u00cbsht\u00eb nj\u00eb problem i madh. Krijon tym, p\u00ebr tokat p\u00ebr bujq\u00ebsis\u00eb. Vjen tymi kur hapim dritaret, e k\u00ebshtu q\u00eb mir\u00eb s&#8217;e kemi&#8230;&#8221;<\/p>\n<p>Si\u00e7 shihet n\u00eb pamje, e gjith\u00eb lugina e Vjos\u00ebs \u00ebsht\u00eb e prekur nga reja e tymit qe \u00e7lirohet nga fabrika e prodhimit te bitumit.<\/p>\n<p>Fabrika ushtron aktivitetin n\u00eb baz\u00eb t\u00eb lejes mjedisore t\u00eb tipit B, ndaj \u00ebsht\u00eb e detyruar t\u00eb vendos\u00eb filtra ajri. Drejtuesi i Inspektoratit t\u00eb Mjedisit p\u00ebr rajonin e jugut, Denis Vogli pranon se prej 6 muajsh nuk \u00ebsht\u00eb kryer asnj\u00eb kontroll n\u00eb subjektin &#8220;Cobial&#8221;.<\/p>\n<p>P\u00ebr k\u00ebt\u00eb subjekt nuk \u00ebsht\u00eb kryer inspektim 6 muajt e fundit, por pas sinjalizimit do t\u00eb nis nj\u00eb grup inspektoresh dhe n\u00ebse evidentohen problematika do te merren masa nga gjob\u00eb deri n\u00eb heqje licence-u shpreh Vogli.<\/p>\n<p>Kompania &#8220;Cobial&#8221; n\u00eb pron\u00ebsi t\u00eb treshes, Ergest, Qemal dhe Alfred Pazaj prodhon asfalt p\u00ebr shtrimin e rrug\u00ebve, s\u00eb fundmi ka fituar tenderin p\u00ebr aksin e vjet\u00ebr t\u00eb rrug\u00ebs &#8220;Fier-Vlor\u00eb&#8221; me vler\u00eb 7 milion\u00eb euro.<\/p>\n","protected":false},"excerpt":{"rendered":"<p>N\u00eb af\u00ebrsi t\u00eb fshatit Majkosh, ne Tepelen\u00eb ndodhet impianti q\u00eb p\u00ebrpunon inertet dhe bitumin q\u00eb sh\u00ebrben p\u00ebr shtrimin e rrug\u00ebve. Banor\u00ebt kan\u00eb shprehur shqet\u00ebsim p\u00ebr ndotjen e ajrit. Ata kan\u00eb k\u00ebrkuar ndihm\u00eb nga Bashkia por s\u2019kan\u00eb marr\u00eb p\u00ebrgjigje. N\u00eb \u00e7do or\u00eb t\u00eb dit\u00ebs, oxhaku \u00e7liron tym q\u00eb mbulon jo vet\u00ebm Tepelen\u00ebn por edhe n\u00eb Memaliaj. [&hellip;]<\/p>\n","protected":false},"author":5,"featured_media":50440,"comment_status":"open","ping_status":"open","sticky":false,"template":"","format":"video","meta":{"footnotes":""},"categories":[1,6332],"tags":[],"class_list":{"0":"post-50438","1":"post","2":"type-post","3":"status-publish","4":"format-video","5":"has-post-thumbnail","7":"category-aktualitet","8":"category-te-fundit","9":"post_format-post-format-video"},"_links":{"self":[{"href":"https:\/\/jugulajm.net\/index.php?rest_route=\/wp\/v2\/posts\/50438","targetHints":{"allow":["GET"]}}],"collection":[{"href":"https:\/\/jugulajm.net\/index.php?rest_route=\/wp\/v2\/posts"}],"about":[{"href":"https:\/\/jugulajm.net\/index.php?rest_route=\/wp\/v2\/types\/post"}],"author":[{"embeddable":true,"href":"https:\/\/jugulajm.net\/index.php?rest_route=\/wp\/v2\/users\/5"}],"replies":[{"embeddable":true,"href":"https:\/\/jugulajm.net\/index.php?rest_route=%2Fwp%2Fv2%2Fcomments&post=50438"}],"version-history":[{"count":0,"href":"https:\/\/jugulajm.net\/index.php?rest_route=\/wp\/v2\/posts\/50438\/revisions"}],"wp:featuredmedia":[{"embeddable":true,"href":"https:\/\/jugulajm.net\/index.php?rest_route=\/wp\/v2\/media\/50440"}],"wp:attachment":[{"href":"https:\/\/jugulajm.net\/index.php?rest_route=%2Fwp%2Fv2%2Fmedia&parent=50438"}],"wp:term":[{"taxonomy":"category","embeddable":true,"href":"https:\/\/jugulajm.net\/index.php?rest_route=%2Fwp%2Fv2%2Fcategories&post=50438"},{"taxonomy":"post_tag","embeddable":true,"href":"https:\/\/jugulajm.net\/index.php?rest_route=%2Fwp%2Fv2%2Ftags&post=50438"}],"curies":[{"name":"wp","href":"https:\/\/api.w.org\/{rel}","templated":true}]}}