{"id":50384,"date":"2022-09-21T13:26:42","date_gmt":"2022-09-21T11:26:42","guid":{"rendered":"https:\/\/jugulajm.net\/?p=50384"},"modified":"2022-09-21T13:26:42","modified_gmt":"2022-09-21T11:26:42","slug":"sarande-emri-del-nga-arresti-dhe-grabit-argjendarine","status":"publish","type":"post","link":"https:\/\/jugulajm.net\/?p=50384","title":{"rendered":"Sarand\u00eb\/ EMRI\/ Del nga arresti dhe grabit argjendarin\u00eb"},"content":{"rendered":"<p>Nj\u00eb 43-vje\u00e7ar nga Saranda u prangos pasi vodhi nj\u00eb shum\u00eb parash dhe bizhuteri, n\u00eb nj\u00eb dyqan. Sipas Policis\u00eb s\u00eb Sarand\u00ebs, ai kishte thyer mas\u00ebn e siguris\u00eb \u201carrest n\u00eb sht\u00ebpi\u201d.<\/p>\n<p>Policia e Sarand\u00ebs arrestoi n\u00eb flagranc\u00eb shtetasin Ibrahim Duda, 43 vje\u00e7, banues n\u00eb Sarand\u00eb, p\u00ebr veprat penale \u201clargimi i t\u00eb burgosurit nga vendi i q\u00ebndrimit\u201d dhe \u201cvjedhja\u201d.<\/p>\n<p>Arrestimi i k\u00ebtij shtetasi u b\u00eb pasi ka vjedhur nj\u00eb shum\u00eb parash dhe bizhuteri, n\u00eb nj\u00eb dyqan, n\u00eb lagjen nr.4, Sarand\u00eb.<\/p>\n<p>Pas verifikimeve ka rezultuar se ky shtetas kishte thyer mas\u00ebn e siguris\u00eb \u201carrest n\u00eb sht\u00ebpi\u201d, p\u00ebr vepr\u00ebn penale \u201cplagosja e r\u00ebnd\u00eb me dashje\u201d, duke dal\u00eb jasht\u00eb banes\u00ebs.<\/p>\n<p>Ibrahim Duda ishte arrestuar n\u00eb maj si\u00a0autori i plagosjes me thik\u00eb t\u00eb dy v\u00ebllez\u00ebrit\u00a0adoleshent\u00eb, 16 dhe 17\u00a0vje\u00e7.<\/p>\n<p>Dyshohet se dy adoleshent\u00ebt i kan\u00eb shtypur me makin\u00eb qenin 43-vje\u00e7arit dhe p\u00ebr k\u00ebt\u00eb arsye ai i ka sulmuar me thik\u00eb.<\/p>\n<p>17-vje\u00e7ari K. G\u00a0u godit\u00a0me nj\u00eb thik\u00eb n\u00eb kraharor dhe humb\u00a0shum\u00eb gjak. Ai u d\u00ebrgua n\u00eb Tiran\u00eb p\u00ebr kurim t\u00eb specializuar. Nga ana tjet\u00ebr, i v\u00ebllai 16-vje\u00e7ar mori d\u00ebmtime t\u00eb lehta n\u00eb dor\u00eb.<\/p>\n<p>Duda u dor\u00ebzua n\u00eb\u00a07 maj n\u00eb\u00a0Komisariatin e Sarandes dhe u mbajt n\u00eb\u00a0burg deri n\u00eb muajin gusht kur u la m\u00eb pas n\u00eb &#8216;arrest sht\u00ebpie&#8217;.<\/p>\n<p>Duda njihet si p\u00ebrdorues i drogave t\u00eb forta\u00a0dhe \u00ebsht\u00eb person me precedent\u00eb t\u00eb m\u00ebparsh\u00ebm penal, pasi n\u00eb t\u00eb kaluar\u00ebn \u00ebsht\u00eb d\u00ebnuar p\u00ebr tentativ\u00eb vrasje dhe p\u00ebr vjedhje e kund\u00ebrshtim t\u00eb forcave t\u00eb policis\u00eb.<\/p>\n","protected":false},"excerpt":{"rendered":"<p>Nj\u00eb 43-vje\u00e7ar nga Saranda u prangos pasi vodhi nj\u00eb shum\u00eb parash dhe bizhuteri, n\u00eb nj\u00eb dyqan. Sipas Policis\u00eb s\u00eb Sarand\u00ebs, ai kishte thyer mas\u00ebn e siguris\u00eb \u201carrest n\u00eb sht\u00ebpi\u201d. Policia e Sarand\u00ebs arrestoi n\u00eb flagranc\u00eb shtetasin Ibrahim Duda, 43 vje\u00e7, banues n\u00eb Sarand\u00eb, p\u00ebr veprat penale \u201clargimi i t\u00eb burgosurit nga vendi i q\u00ebndrimit\u201d dhe [&hellip;]<\/p>\n","protected":false},"author":5,"featured_media":50385,"comment_status":"open","ping_status":"open","sticky":false,"template":"","format":"standard","meta":{"footnotes":""},"categories":[1,6332],"tags":[],"class_list":{"0":"post-50384","1":"post","2":"type-post","3":"status-publish","4":"format-standard","5":"has-post-thumbnail","7":"category-aktualitet","8":"category-te-fundit"},"_links":{"self":[{"href":"https:\/\/jugulajm.net\/index.php?rest_route=\/wp\/v2\/posts\/50384","targetHints":{"allow":["GET"]}}],"collection":[{"href":"https:\/\/jugulajm.net\/index.php?rest_route=\/wp\/v2\/posts"}],"about":[{"href":"https:\/\/jugulajm.net\/index.php?rest_route=\/wp\/v2\/types\/post"}],"author":[{"embeddable":true,"href":"https:\/\/jugulajm.net\/index.php?rest_route=\/wp\/v2\/users\/5"}],"replies":[{"embeddable":true,"href":"https:\/\/jugulajm.net\/index.php?rest_route=%2Fwp%2Fv2%2Fcomments&post=50384"}],"version-history":[{"count":0,"href":"https:\/\/jugulajm.net\/index.php?rest_route=\/wp\/v2\/posts\/50384\/revisions"}],"wp:featuredmedia":[{"embeddable":true,"href":"https:\/\/jugulajm.net\/index.php?rest_route=\/wp\/v2\/media\/50385"}],"wp:attachment":[{"href":"https:\/\/jugulajm.net\/index.php?rest_route=%2Fwp%2Fv2%2Fmedia&parent=50384"}],"wp:term":[{"taxonomy":"category","embeddable":true,"href":"https:\/\/jugulajm.net\/index.php?rest_route=%2Fwp%2Fv2%2Fcategories&post=50384"},{"taxonomy":"post_tag","embeddable":true,"href":"https:\/\/jugulajm.net\/index.php?rest_route=%2Fwp%2Fv2%2Ftags&post=50384"}],"curies":[{"name":"wp","href":"https:\/\/api.w.org\/{rel}","templated":true}]}}