{"id":50358,"date":"2022-09-20T20:05:20","date_gmt":"2022-09-20T18:05:20","guid":{"rendered":"https:\/\/jugulajm.net\/?p=50358"},"modified":"2022-09-20T20:05:20","modified_gmt":"2022-09-20T18:05:20","slug":"sarande-rrahen-42-vjecarin-dy-mbeten-ne-burg-njeri-lirohet-nga-gjykata","status":"publish","type":"post","link":"https:\/\/jugulajm.net\/?p=50358","title":{"rendered":"Sarand\u00eb\/ Rrah\u00ebn 42-vje\u00e7arin, dy mbet\u00ebn n\u00eb burg, nj\u00ebri lirohet nga gjykata"},"content":{"rendered":"<p>Gjykata e Sarand\u00ebs ka vendosur pas mesdit\u00ebs s\u00eb sotme mas\u00ebn e siguris\u0113 \u201cArrest n\u00eb burg\u201d 40-vje\u00e7arin, Armando Hako dhe 29-vje\u00e7arin Enrik Proda, nd\u00ebrsa ka l\u00ebn\u00eb t\u00eb lir\u00eb 57-vje\u00e7arin Sinan Proda.<\/p>\n<p>Ata u paraqiten para Gjykat\u00ebs s\u00eb Sarand\u00ebs\u00a0 p\u00ebr t\u2019u p\u00ebrballur me nj\u00eb s\u00ebr\u00eb akuzash, pas zbulimit se dy t\u00eb par\u00ebt jan\u00eb\u00a0 autor\u00eb t\u00eb ngjarjes s\u00eb 12 shtatorit n\u00eb mbr\u00ebmje, ku me maska dhe arm\u00eb m\u00ebsyn\u00eb n\u00eb Bar-Restaurant \u201cSunset\u201d dhe godit\u00ebn me sende t\u00eb forta n\u00eb sy t\u00eb familjar\u00ebve Elidon Kushov\u00ebn.<\/p>\n<p>M\u00ebsohet se tre t\u00eb arrestuarit, banues n\u00eb Sarand\u00eb, dit\u00ebn e h\u00ebn\u00eb m\u00eb 12 shtator rreth or\u00ebs 22:30, t\u00eb maskuar dhe me arm\u00eb kan\u00eb hyr\u00eb n\u00eb restorantin ku po q\u00ebndronte i d\u00ebmtuari dhe kan\u00eb q\u00eblluar me sende t\u00eb forta 42-vje\u00e7arin Kushova, teksa n\u00eb lokal ka pasur dhe klient\u00eb t\u00eb tjer\u00eb. Kushova ka qen\u00eb duke darkuar me familjen kur e q\u00eblluan.<\/p>\n<p>Menj\u00ebher\u00eb pas k\u00ebsaj ngjarje, autor\u00ebt jan\u00eb larguar ma shpejt\u00ebsi me nj\u00eb automjet tip Ford, me targa italiane p\u00ebr t\u2019u arrestuar t\u00eb shtun\u00ebn. T\u00eb arrestuarit dyshohen nga policia edhe p\u00ebr vepra t\u00eb tjera penale dhe konsiderohen si persona me rrezikshm\u00ebri t\u00eb lart\u00eb.<\/p>\n","protected":false},"excerpt":{"rendered":"<p>Gjykata e Sarand\u00ebs ka vendosur pas mesdit\u00ebs s\u00eb sotme mas\u00ebn e siguris\u0113 \u201cArrest n\u00eb burg\u201d 40-vje\u00e7arin, Armando Hako dhe 29-vje\u00e7arin Enrik Proda, nd\u00ebrsa ka l\u00ebn\u00eb t\u00eb lir\u00eb 57-vje\u00e7arin Sinan Proda. Ata u paraqiten para Gjykat\u00ebs s\u00eb Sarand\u00ebs\u00a0 p\u00ebr t\u2019u p\u00ebrballur me nj\u00eb s\u00ebr\u00eb akuzash, pas zbulimit se dy t\u00eb par\u00ebt jan\u00eb\u00a0 autor\u00eb t\u00eb ngjarjes s\u00eb [&hellip;]<\/p>\n","protected":false},"author":5,"featured_media":47270,"comment_status":"open","ping_status":"open","sticky":false,"template":"","format":"standard","meta":{"footnotes":""},"categories":[1,6332],"tags":[],"class_list":{"0":"post-50358","1":"post","2":"type-post","3":"status-publish","4":"format-standard","5":"has-post-thumbnail","7":"category-aktualitet","8":"category-te-fundit"},"_links":{"self":[{"href":"https:\/\/jugulajm.net\/index.php?rest_route=\/wp\/v2\/posts\/50358","targetHints":{"allow":["GET"]}}],"collection":[{"href":"https:\/\/jugulajm.net\/index.php?rest_route=\/wp\/v2\/posts"}],"about":[{"href":"https:\/\/jugulajm.net\/index.php?rest_route=\/wp\/v2\/types\/post"}],"author":[{"embeddable":true,"href":"https:\/\/jugulajm.net\/index.php?rest_route=\/wp\/v2\/users\/5"}],"replies":[{"embeddable":true,"href":"https:\/\/jugulajm.net\/index.php?rest_route=%2Fwp%2Fv2%2Fcomments&post=50358"}],"version-history":[{"count":0,"href":"https:\/\/jugulajm.net\/index.php?rest_route=\/wp\/v2\/posts\/50358\/revisions"}],"wp:featuredmedia":[{"embeddable":true,"href":"https:\/\/jugulajm.net\/index.php?rest_route=\/wp\/v2\/media\/47270"}],"wp:attachment":[{"href":"https:\/\/jugulajm.net\/index.php?rest_route=%2Fwp%2Fv2%2Fmedia&parent=50358"}],"wp:term":[{"taxonomy":"category","embeddable":true,"href":"https:\/\/jugulajm.net\/index.php?rest_route=%2Fwp%2Fv2%2Fcategories&post=50358"},{"taxonomy":"post_tag","embeddable":true,"href":"https:\/\/jugulajm.net\/index.php?rest_route=%2Fwp%2Fv2%2Ftags&post=50358"}],"curies":[{"name":"wp","href":"https:\/\/api.w.org\/{rel}","templated":true}]}}