{"id":50332,"date":"2022-09-20T12:39:46","date_gmt":"2022-09-20T10:39:46","guid":{"rendered":"https:\/\/jugulajm.net\/?p=50332"},"modified":"2022-09-20T12:40:51","modified_gmt":"2022-09-20T10:40:51","slug":"ne-shqiperi-te-rinjte-largohen-rama-fton-pleqte-gjermane-te-afrohen","status":"publish","type":"post","link":"https:\/\/jugulajm.net\/?p=50332","title":{"rendered":"N\u00eb Shqip\u00ebri t\u00eb rinjt\u00eb largohen, Rama fton pleqt\u00eb gjerman\u00eb t\u00eb afrohen"},"content":{"rendered":"<p>Largimi masiv i shqiptar\u00ebve, ve\u00e7an\u00ebrisht i t\u00eb rinjve, \u00ebsht\u00eb kthyer n\u00eb fenomen shqet\u00ebsues.<\/p>\n<p>N\u00eb nj\u00eb intervist\u00eb p\u00ebr median gjermane \u2018Der Spiegel\u2019, Kryeministri Edi Rama ftoi pensionist\u00ebt gjerman\u00eb q\u00eb t\u00eb vijn\u00eb n\u00eb Shqip\u00ebri dhe t\u00eb kalojn\u00eb pleq\u00ebrin\u00eb buz\u00eb detit.<\/p>\n<p>\u2018Dhe pensionist\u00ebt gjerman\u00eb duhet t\u00eb vijn\u00eb k\u00ebtu p\u00ebr t\u00eb kaluar pleq\u00ebrin\u00eb e tyre buz\u00eb detit. Sipas nj\u00eb th\u00ebnieje t\u00eb vjet\u00ebr, \u201csht\u00ebpia e shqiptarit \u00ebsht\u00eb e Zotit dhe e mikut\u201d.- tha Rama n\u00eb fund t\u00eb intervist\u00ebs.<\/p>\n<p>Zyrtarisht sipas INSTAT, n\u00eb janar t\u00eb vitit 2022, popullsia banuese e Shqip\u00ebris\u00eb ishte rreth 2.8 milion\u00eb banor\u00eb, nga 2.9 milion\u00eb banor\u00eb q\u00eb ishte n\u00eb vitin 2011 kur u b\u00eb dhe Censi i fundit i popullsis\u00eb. Shkak i uljes \u00ebsht\u00eb dhe ritmi i lart\u00eb i emigracionit, i cili \u00ebsht\u00eb rigjall\u00ebruar vitet e fundit.<\/p>\n","protected":false},"excerpt":{"rendered":"<p>Largimi masiv i shqiptar\u00ebve, ve\u00e7an\u00ebrisht i t\u00eb rinjve, \u00ebsht\u00eb kthyer n\u00eb fenomen shqet\u00ebsues. N\u00eb nj\u00eb intervist\u00eb p\u00ebr median gjermane \u2018Der Spiegel\u2019, Kryeministri Edi Rama ftoi pensionist\u00ebt gjerman\u00eb q\u00eb t\u00eb vijn\u00eb n\u00eb Shqip\u00ebri dhe t\u00eb kalojn\u00eb pleq\u00ebrin\u00eb buz\u00eb detit. \u2018Dhe pensionist\u00ebt gjerman\u00eb duhet t\u00eb vijn\u00eb k\u00ebtu p\u00ebr t\u00eb kaluar pleq\u00ebrin\u00eb e tyre buz\u00eb detit. Sipas nj\u00eb [&hellip;]<\/p>\n","protected":false},"author":5,"featured_media":27857,"comment_status":"open","ping_status":"open","sticky":false,"template":"","format":"standard","meta":{"footnotes":""},"categories":[1,6332],"tags":[],"class_list":{"0":"post-50332","1":"post","2":"type-post","3":"status-publish","4":"format-standard","5":"has-post-thumbnail","7":"category-aktualitet","8":"category-te-fundit"},"_links":{"self":[{"href":"https:\/\/jugulajm.net\/index.php?rest_route=\/wp\/v2\/posts\/50332","targetHints":{"allow":["GET"]}}],"collection":[{"href":"https:\/\/jugulajm.net\/index.php?rest_route=\/wp\/v2\/posts"}],"about":[{"href":"https:\/\/jugulajm.net\/index.php?rest_route=\/wp\/v2\/types\/post"}],"author":[{"embeddable":true,"href":"https:\/\/jugulajm.net\/index.php?rest_route=\/wp\/v2\/users\/5"}],"replies":[{"embeddable":true,"href":"https:\/\/jugulajm.net\/index.php?rest_route=%2Fwp%2Fv2%2Fcomments&post=50332"}],"version-history":[{"count":0,"href":"https:\/\/jugulajm.net\/index.php?rest_route=\/wp\/v2\/posts\/50332\/revisions"}],"wp:featuredmedia":[{"embeddable":true,"href":"https:\/\/jugulajm.net\/index.php?rest_route=\/"}],"wp:attachment":[{"href":"https:\/\/jugulajm.net\/index.php?rest_route=%2Fwp%2Fv2%2Fmedia&parent=50332"}],"wp:term":[{"taxonomy":"category","embeddable":true,"href":"https:\/\/jugulajm.net\/index.php?rest_route=%2Fwp%2Fv2%2Fcategories&post=50332"},{"taxonomy":"post_tag","embeddable":true,"href":"https:\/\/jugulajm.net\/index.php?rest_route=%2Fwp%2Fv2%2Ftags&post=50332"}],"curies":[{"name":"wp","href":"https:\/\/api.w.org\/{rel}","templated":true}]}}