{"id":50274,"date":"2022-09-18T14:08:13","date_gmt":"2022-09-18T12:08:13","guid":{"rendered":"https:\/\/jugulajm.net\/?p=50274"},"modified":"2022-09-18T14:08:13","modified_gmt":"2022-09-18T12:08:13","slug":"foto-ja-si-do-te-jete-moti-javen-qe-vjen-2","status":"publish","type":"post","link":"https:\/\/jugulajm.net\/?p=50274","title":{"rendered":"FOTO\/ Ja si do t\u00eb jet\u00eb moti jav\u00ebn q\u00eb vjen&#8230;"},"content":{"rendered":"<p>Java q\u00eb vjen pritet t\u00eb jet\u00eb me nj\u00eb mot me temperatura ndjesh\u00ebm m\u00eb t\u00eb ul\u00ebta se sa jemi m\u00ebsuar deri m\u00eb tani.<\/p>\n<p>Sh\u00ebrbimi Meteorologjik Ushtarak b\u00ebn t\u00eb ditur se, priten edhe reshje shiu.<\/p>\n<p>Keshtu. p<em>\u00ebr jav\u00ebn q\u00eb presim p\u00ebrpara vendi yn\u00eb do t\u00eb ndikohet nga kushte atmosferike kryesisht t\u00eb q\u00ebndrueshme. Gjithashtu karakteristik\u00eb e k\u00ebsaj jave do t\u00eb jen\u00eb temperaturat e ul\u00ebta n\u00eb m\u00ebngjes dhe jo shum\u00eb t\u00eb larta n\u00eb mesdit\u00eb kjo p\u00ebr shkak t\u00eb masave ajrore t\u00eb ftohta dhe me origjin\u00eb veriore.<\/em><\/p>\n<p><em>N\u00eb k\u00ebt\u00eb m\u00ebnyr\u00eb java nis me dit\u00ebn e H\u00ebn\u00eb nd\u00ebrsa moti parashikohet i kthjell\u00ebt n\u00eb t\u00eb gjith\u00eb territorin p\u00ebrjashtuar vran\u00ebsirat e pakta kalimtare n\u00eb relievet malore.<\/em><\/p>\n<p><em>P\u00ebr dit\u00ebn e mart\u00eb parashikohet nj\u00eb paq\u00ebndrueshm\u00ebri e leht\u00eb. Pjesa e par\u00eb e dit\u00ebs parashikohet me mot me kthjellime e alternime vran\u00ebsirash mesatare deri t\u00eb dendura shoq\u00ebruar me reshje shiu t\u00eb her\u00ebpashershme me intensitet t\u00eb ul\u00ebt. M\u00eb pas p\u00ebrs\u00ebri mot i kthjell\u00ebt n\u00eb t\u00eb gjith\u00eb territorin.<\/em><\/p>\n<p><em>Duke filluar nga dita e M\u00ebrkur\u00eb deri dhe dit\u00ebn e Premte moti parashikohet i kthjell\u00ebt n\u00eb t\u00eb gjith\u00eb territorin p\u00ebrjashtuar vran\u00ebsirat kalimtare kryesisht n\u00eb or\u00ebt e mesdit\u00ebs.\u00a0<\/em><\/p>\n<p>Era do t\u00eb fryj\u00eb me drejtim kryesor nga kuadrati i veriut dhe shpejt\u00ebsi mesatare 1-5 m\/s p\u00ebrjashtuar dit\u00ebn e Enjte dhe at\u00eb t\u00eb Premte ku p\u00ebrgjat\u00eb vij\u00ebs bregdetare dhe lugina fiton shpejt\u00ebsi deri n\u00eb 8-12m\/s.<\/p>\n<p><img decoding=\"async\" src=\"https:\/\/www.syri.net\/uploads\/syri.net\/images\/2022\/September\/18\/auto_306887517_1489479501491384_7292764755444433424_n1663499636.jpg\" alt=\"Image\" \/><\/p>\n","protected":false},"excerpt":{"rendered":"<p>Java q\u00eb vjen pritet t\u00eb jet\u00eb me nj\u00eb mot me temperatura ndjesh\u00ebm m\u00eb t\u00eb ul\u00ebta se sa jemi m\u00ebsuar deri m\u00eb tani. Sh\u00ebrbimi Meteorologjik Ushtarak b\u00ebn t\u00eb ditur se, priten edhe reshje shiu. Keshtu. p\u00ebr jav\u00ebn q\u00eb presim p\u00ebrpara vendi yn\u00eb do t\u00eb ndikohet nga kushte atmosferike kryesisht t\u00eb q\u00ebndrueshme. Gjithashtu karakteristik\u00eb e k\u00ebsaj jave [&hellip;]<\/p>\n","protected":false},"author":5,"featured_media":27734,"comment_status":"open","ping_status":"open","sticky":false,"template":"","format":"standard","meta":{"footnotes":""},"categories":[7650,6332],"tags":[],"class_list":{"0":"post-50274","1":"post","2":"type-post","3":"status-publish","4":"format-standard","5":"has-post-thumbnail","7":"category-moti","8":"category-te-fundit"},"_links":{"self":[{"href":"https:\/\/jugulajm.net\/index.php?rest_route=\/wp\/v2\/posts\/50274","targetHints":{"allow":["GET"]}}],"collection":[{"href":"https:\/\/jugulajm.net\/index.php?rest_route=\/wp\/v2\/posts"}],"about":[{"href":"https:\/\/jugulajm.net\/index.php?rest_route=\/wp\/v2\/types\/post"}],"author":[{"embeddable":true,"href":"https:\/\/jugulajm.net\/index.php?rest_route=\/wp\/v2\/users\/5"}],"replies":[{"embeddable":true,"href":"https:\/\/jugulajm.net\/index.php?rest_route=%2Fwp%2Fv2%2Fcomments&post=50274"}],"version-history":[{"count":0,"href":"https:\/\/jugulajm.net\/index.php?rest_route=\/wp\/v2\/posts\/50274\/revisions"}],"wp:featuredmedia":[{"embeddable":true,"href":"https:\/\/jugulajm.net\/index.php?rest_route=\/"}],"wp:attachment":[{"href":"https:\/\/jugulajm.net\/index.php?rest_route=%2Fwp%2Fv2%2Fmedia&parent=50274"}],"wp:term":[{"taxonomy":"category","embeddable":true,"href":"https:\/\/jugulajm.net\/index.php?rest_route=%2Fwp%2Fv2%2Fcategories&post=50274"},{"taxonomy":"post_tag","embeddable":true,"href":"https:\/\/jugulajm.net\/index.php?rest_route=%2Fwp%2Fv2%2Ftags&post=50274"}],"curies":[{"name":"wp","href":"https:\/\/api.w.org\/{rel}","templated":true}]}}