{"id":50264,"date":"2022-09-18T10:41:43","date_gmt":"2022-09-18T08:41:43","guid":{"rendered":"https:\/\/jugulajm.net\/?p=50264"},"modified":"2022-09-18T10:42:02","modified_gmt":"2022-09-18T08:42:02","slug":"sarande-emrat-rrahen-42-vjecarin-prangosen-3-dhunuesit","status":"publish","type":"post","link":"https:\/\/jugulajm.net\/?p=50264","title":{"rendered":"Sarand\u00eb\/ EMRAT\/ Rrah\u00ebn 42-vje\u00e7arin, prangosen 3 dhunuesit"},"content":{"rendered":"<p>Tre persona jan\u00eb v\u00ebn\u00eb n\u00eb pranga nga policia pasi t\u00eb maskuar godit\u00ebn me sende t\u00eb forta nj\u00eb 42 vje\u00e7ar n\u00eb Sarand\u00eb.<\/p>\n<p>Ngjarja ka ndodhur disa dit\u00eb m\u00eb par\u00eb n\u00eb lagjen nr.4 t\u00eb qytetit bregdetar, p\u00ebr motive t\u00eb dob\u00ebta.<\/p>\n<p>M\u00ebsohet se autor\u00ebt jan\u00eb Sinan Proda, 57 vje\u00e7, i d\u00ebnuar m\u00eb par\u00eb p\u00ebr vrasje; Enrik Proda, 29 vje\u00e7 dhe Armando Hako, 40 vje\u00e7, i d\u00ebnuar m\u00eb par\u00eb p\u00ebr vjedhje me arm\u00eb.<\/p>\n<p>M\u00eb 12 shtator ata kan\u00eb shkuar rreth or\u00ebs 22:30 t\u00eb maskuar dhe me arm\u00eb te nj\u00eb restorant n\u00eb lagjen nr.4 dhe kan\u00eb q\u00eblluar me sende t\u00eb forta 42-vje\u00e7arin E.Kushova, teksa ishte duke darkuar me familjen e tij. Po ashtu n\u00eb at\u00eb moment n\u00eb lokal ka patur dhe klient\u00eb t\u00eb tjer\u00eb q\u00eb po darkonin. Pas ngjarjes autor\u00ebt jan\u00eb larguar me shpejt\u00ebsi me nj\u00eb mjet tip \u201cFord\u201d me targa italiane.<\/p>\n<p>Nd\u00ebrkoh\u00eb policia i ka v\u00ebn\u00eb n\u00eb pranga tre personat t\u00eb cil\u00ebt, konsiderohen si persona me rrezikshm\u00ebri t\u00eb lart\u00eb..<\/p>\n<p>Sipas informacioneve nga policia, n\u00eb dhunimin e 42-vje\u00e7arit ka marr\u00eb pjes\u00eb Enrik Proda dhe Armando Hako. Nd\u00ebrsa Sinan Proda, babai i Enrikut akuzohet se ka nd\u00ebrruar targ\u00ebn e mjetit dhe e ka fshehur.<\/p>\n","protected":false},"excerpt":{"rendered":"<p>Tre persona jan\u00eb v\u00ebn\u00eb n\u00eb pranga nga policia pasi t\u00eb maskuar godit\u00ebn me sende t\u00eb forta nj\u00eb 42 vje\u00e7ar n\u00eb Sarand\u00eb. Ngjarja ka ndodhur disa dit\u00eb m\u00eb par\u00eb n\u00eb lagjen nr.4 t\u00eb qytetit bregdetar, p\u00ebr motive t\u00eb dob\u00ebta. M\u00ebsohet se autor\u00ebt jan\u00eb Sinan Proda, 57 vje\u00e7, i d\u00ebnuar m\u00eb par\u00eb p\u00ebr vrasje; Enrik Proda, 29 [&hellip;]<\/p>\n","protected":false},"author":5,"featured_media":38284,"comment_status":"open","ping_status":"open","sticky":false,"template":"","format":"standard","meta":{"footnotes":""},"categories":[1,6332],"tags":[],"class_list":{"0":"post-50264","1":"post","2":"type-post","3":"status-publish","4":"format-standard","5":"has-post-thumbnail","7":"category-aktualitet","8":"category-te-fundit"},"_links":{"self":[{"href":"https:\/\/jugulajm.net\/index.php?rest_route=\/wp\/v2\/posts\/50264","targetHints":{"allow":["GET"]}}],"collection":[{"href":"https:\/\/jugulajm.net\/index.php?rest_route=\/wp\/v2\/posts"}],"about":[{"href":"https:\/\/jugulajm.net\/index.php?rest_route=\/wp\/v2\/types\/post"}],"author":[{"embeddable":true,"href":"https:\/\/jugulajm.net\/index.php?rest_route=\/wp\/v2\/users\/5"}],"replies":[{"embeddable":true,"href":"https:\/\/jugulajm.net\/index.php?rest_route=%2Fwp%2Fv2%2Fcomments&post=50264"}],"version-history":[{"count":0,"href":"https:\/\/jugulajm.net\/index.php?rest_route=\/wp\/v2\/posts\/50264\/revisions"}],"wp:featuredmedia":[{"embeddable":true,"href":"https:\/\/jugulajm.net\/index.php?rest_route=\/"}],"wp:attachment":[{"href":"https:\/\/jugulajm.net\/index.php?rest_route=%2Fwp%2Fv2%2Fmedia&parent=50264"}],"wp:term":[{"taxonomy":"category","embeddable":true,"href":"https:\/\/jugulajm.net\/index.php?rest_route=%2Fwp%2Fv2%2Fcategories&post=50264"},{"taxonomy":"post_tag","embeddable":true,"href":"https:\/\/jugulajm.net\/index.php?rest_route=%2Fwp%2Fv2%2Ftags&post=50264"}],"curies":[{"name":"wp","href":"https:\/\/api.w.org\/{rel}","templated":true}]}}