{"id":50238,"date":"2022-09-17T15:32:29","date_gmt":"2022-09-17T13:32:29","guid":{"rendered":"https:\/\/jugulajm.net\/?p=50238"},"modified":"2022-09-17T15:32:58","modified_gmt":"2022-09-17T13:32:58","slug":"qeveria-zvicerane-pergenjeshtron-ballukun-nuk-kemi-kufizime-as-denime-me-burg","status":"publish","type":"post","link":"https:\/\/jugulajm.net\/?p=50238","title":{"rendered":"Qeveria zvicerane p\u00ebrg\u00ebnjeshtron Ballukun: Nuk kemi kufizime, as d\u00ebnime me burg"},"content":{"rendered":"<div class=\"block_section single_article__content\">\n<div class=\"content_right\">\n<div class=\"single_meta block_section\">\n<div class=\"e-mailit_toolbox circular size24\" data-emailit-url=\"https:\/\/opinion.al\/burg-nese-mban-kondicionerin-mbi-19-grade-qeveria-zvicerane-nuk-kemi-kufizime-as-masa\/\" data-emailit-title=\"Shperndaje - Burg n\u00ebse mban kondicionerin mbi 19 grad\u00eb? Qeveria zvicerane: Nuk kemi kufizime, as masa\">\n<div class=\"e-mailit_btn_LinkedIn\">Fushata e nd\u00ebrgjegj\u00ebsimit p\u00ebr kursimin e energjis\u00eb n\u00eb Shqip\u00ebri, n\u00eb kushtet e kriz\u00ebs globale ka sh\u00ebnuar nj\u00eb tjet\u00ebr precedent kur qeveria propagandon p\u00ebrmes dizinformimit. Faktoje verifikoi si t\u00eb pav\u00ebrtet\u00eb nj\u00eb deklarat\u00eb t\u00eb ministres s\u00eb Energjis\u00eb Balluku se Zvicra d\u00ebnon me burg qytetar\u00ebt q\u00eb ngrohen me m\u00eb shum\u00eb se 19 grad\u00eb. P\u00ebrgjigjja e qeveris\u00eb zvicerane p\u00ebr Faktoje tregon se ky shtet nuk ka mungesa t\u00eb energjis\u00eb elektrike dhe si pasoj\u00eb as masa nd\u00ebshkuese, por ka ftuar qytetar\u00ebt q\u00eb vullnetarisht t\u00eb reduktojn\u00eb p\u00ebrdorimin e gazit.<\/div>\n<\/div>\n<\/div>\n<div class=\"post-content\">\n<p><em>\u201cA e dini se Zvicra d\u00ebnon me burg ata q\u00eb e mbajn\u00eb kondicionerin mbi 19 grad\u00eb?\u201d-k\u00ebshtu\u00a0<\/em><a href=\"https:\/\/abcnews.al\/kurseni-energjine-balluku-me-femijet-ju-duhet-te-jeni-keshilltaret-e-prinderve-tuaj\/\">iu drejtua<\/a><em>\u00a0ministrja e Energjetik\u00ebs Belinda Balluku nx\u00ebn\u00ebsve t\u00eb shkoll\u00ebs 9 vje\u00e7are \u201cLasgush Poradeci\u201d n\u00eb Tiran\u00eb, teksa u komunikonte pasojat nga kriza bot\u00ebrore e energjis\u00eb elektrike. E pranishme n\u00eb k\u00ebt\u00eb takim t\u00eb dat\u00ebs 14 shtator ishte edhe ministrja Arsimit Evis Kushi. Kjo deklarat\u00eb u artikulua m\u00eb her\u00ebt edhe nga kryeministri\u00a0<\/em><a href=\"https:\/\/www.kryeministria.al\/newsroom\/paketa-e-re-e-rezistences-sociale-mbeshtetje-afatmesme-dhe-te-qendrueshme-per-perballimin-e-pasojave-te-krizes-globale\/\">Rama<\/a><em> gjat\u00eb prezantimit t\u00eb paket\u00ebs s\u00eb re antikriz\u00eb, n\u00eb konferenc\u00ebn e dat\u00ebs 8 shtator.<\/em><\/p>\n<div class=\"show-mob\" align=\"center\">\n<div id=\"beacon_ee21ffd26f\"><img loading=\"lazy\" loading=\"lazy\" decoding=\"async\" src=\"https:\/\/reklama2.aplikacione.com\/www\/delivery\/lg.php?bannerid=0&amp;campaignid=0&amp;zoneid=257&amp;loc=https%3A%2F%2Fopinion.al%2Fburg-nese-mban-kondicionerin-mbi-19-grade-qeveria-zvicerane-nuk-kemi-kufizime-as-masa%2F%3Ffbclid%3DIwAR2ZKVYGDz3HNAZ6OtIGnkFo8hgAZ8oaYMxmktpob8okY7_ENHhfHYmpZyY&amp;referer=https%3A%2F%2Fm.facebook.com%2F&amp;cb=ee21ffd26f\" alt=\"\" width=\"0\" height=\"0\" \/><\/div>\n<\/div>\n<p><em>\u201cSot lexova q\u00eb Zvicra ka vendosur penalitetin e tre viteve burg p\u00ebr ata q\u00eb ngrohin m\u00eb shum\u00eb se 19 grad\u00eb sht\u00ebpin\u00eb e tyre, ashtu sikund\u00ebr kemi par\u00eb q\u00eb Gjermania ka paraqitur planin p\u00ebr fikjen e dritave n\u00eb t\u00eb gjitha rrug\u00ebt, n\u00eb t\u00eb gjitha vitrinat, n\u00eb t\u00eb gjitha bizneset pas or\u00ebs 10 t\u00eb dark\u00ebs etj\u201d-u shpreh zoti Rama.<\/em><\/p>\n<p>Nisur nga k\u00ebto deklarata me shum\u00eb ndikim n\u00eb opinionin publik, Faktoje vendosi t\u00eb b\u00ebj\u00eb nj\u00eb verifikim, duke iu referuar fillimisht burimeve zyrtare t\u00eb K\u00ebshillit Federal t\u00eb Zvicr\u00ebs. N\u00eb 15 shtator iu drejtuam me nj\u00eb k\u00ebrkes\u00eb p\u00ebr informacion n\u00eb rrug\u00eb elektronike zyr\u00ebs s\u00eb medias ku k\u00ebrkuam t\u00eb dijm\u00eb n\u00ebse \u00ebsht\u00eb e v\u00ebrtet\u00eb se ka ndonj\u00eb vendim p\u00ebr d\u00ebnim me burg t\u00eb qytetar\u00ebve n\u00eb lidhje me energjin\u00eb.<\/p>\n<p><a href=\"https:\/\/faktoje.al\/wp-content\/uploads\/2022\/09\/request-swiss.png\" rel=\"lightbox\"><img loading=\"lazy\" loading=\"lazy\" decoding=\"async\" class=\"alignnone wp-image-24876 size-full\" src=\"https:\/\/faktoje.al\/wp-content\/uploads\/2022\/09\/request-swiss.png\" sizes=\"auto, (max-width: 936px) 100vw, 936px\" srcset=\"https:\/\/faktoje.al\/wp-content\/uploads\/2022\/09\/request-swiss.png 936w, https:\/\/faktoje.al\/wp-content\/uploads\/2022\/09\/request-swiss-300x98.png 300w, https:\/\/faktoje.al\/wp-content\/uploads\/2022\/09\/request-swiss-768x250.png 768w\" alt=\"\" width=\"936\" height=\"305\" \/><\/a><\/p>\n<p><em>Screenshot i k\u00ebrkes\u00ebs d\u00ebrguar zyr\u00ebs s\u00eb medias s\u00eb qeveris\u00eb s\u00eb Zvicr\u00ebs, 15 shtator 2022<\/em><\/p>\n<p>Qeveria Zvicerane i ktheu p\u00ebrgjigje Faktojes vet\u00ebm pak or\u00eb pas d\u00ebrgimit t\u00eb emailit, p\u00ebrmes z\u00ebdh\u00ebn\u00ebsit t\u00eb Departamentit Federal t\u00eb Ekonomis\u00eb dhe K\u00ebrkimit, i cili mohon vendimmarrjen p\u00ebr d\u00ebnimin me burg p\u00ebr rastin n\u00eb fjal\u00eb.<\/p>\n<p><a href=\"https:\/\/faktoje.al\/wp-content\/uploads\/2022\/09\/answer-swiss.png\" rel=\"lightbox\"><img loading=\"lazy\" loading=\"lazy\" decoding=\"async\" class=\"alignnone wp-image-24877 size-full\" src=\"https:\/\/faktoje.al\/wp-content\/uploads\/2022\/09\/answer-swiss.png\" sizes=\"auto, (max-width: 1002px) 100vw, 1002px\" srcset=\"https:\/\/faktoje.al\/wp-content\/uploads\/2022\/09\/answer-swiss.png 1002w, https:\/\/faktoje.al\/wp-content\/uploads\/2022\/09\/answer-swiss-300x153.png 300w, https:\/\/faktoje.al\/wp-content\/uploads\/2022\/09\/answer-swiss-768x392.png 768w\" alt=\"\" width=\"1002\" height=\"511\" \/><\/a><\/p>\n<p><em>Screenshot i p\u00ebrgjigjes s\u00eb z\u00ebdh\u00ebn\u00ebsit t\u00eb Departamentit t\u00eb Ekonomis\u00eb dhe K\u00ebrkimit n\u00eb Zvic\u00ebr<\/em><\/p>\n<p>N\u00eb k\u00ebt\u00eb p\u00ebrgjigje, z\u00ebdh\u00ebn\u00ebsi shkruan se aktualisht n\u00eb Zvicra nuk ka munges\u00eb t\u00eb energjis\u00eb elektrike dhe p\u00ebr k\u00ebt\u00eb arsye nuk jan\u00eb vendosur kufizime, aq m\u00eb pak masa nd\u00ebshkuese. Ai pranon se nj\u00eb artikull i gazet\u00ebs Blick \u00ebsht\u00eb keqkuptuar dhe interpretuar nga persona t\u00eb caktuar.<\/p>\n<p>\u201cFaleminderit p\u00ebr mesazhin tuaj dhe p\u00ebr p\u00ebrpjekjet tuaja p\u00ebr verifikim.<\/p>\n<p>Nj\u00eb artikull n\u00eb gazet\u00ebn Blick \u00ebsht\u00eb keqkuptuar ose riprodhuar gabimisht nga an\u00ebtar\u00eb t\u00eb caktuar t\u00eb publikut. Aktualisht n\u00eb Zvic\u00ebr nuk ka munges\u00eb t\u00eb energjis\u00eb elektrike apo gazit natyror. Prandaj nuk ka n\u00eb fuqi kufizime apo ndalime p\u00ebr p\u00ebrdorimin e energjis\u00eb q\u00eb mund t\u00eb shkelen. Aktualisht po p\u00ebrgatiten koncepte n\u00ebse kufizimet apo masat mund t\u00eb b\u00ebhen t\u00eb nevojshme n\u00eb rast t\u00eb munges\u00ebs s\u00eb ashp\u00ebr t\u00eb gazit natyror ose t\u00eb energjis\u00eb elektrike. Procedurat e konsultimit p\u00ebr nj\u00eb projekt-urdh\u00ebres\u00eb n\u00eb lidhje me nj\u00eb munges\u00eb t\u00eb madhe t\u00eb gazit jan\u00eb n\u00eb vazhdim me grupet e interesit \u00a0<a href=\"https:\/\/www.wbf.admin.ch\/wbf\/fr\/home\/dokumentation\/nsb-news_list.msg-id-90169.html\">\u00c9nergie : mise en consultation des mesures pr\u00e9vues en cas de p\u00e9nurie de gaz (admin.ch)<\/a>\u00a0\/\u00a0<a href=\"https:\/\/www.wbf.admin.ch\/wbf\/de\/home\/dokumentation\/nsb-news_list.msg-id-90169.html\">Energie: Massnahmen f\u00fcr eine Gasmangellage gehen in Konsultation (admin.ch)<\/a>.<\/p>\n<p>Natyrisht, duhet t\u00eb mbahet parasysh se si duhet t\u00eb zbatohen dhe monitorohen kufizimet ose ndalimet e mundshme.\u00a0<strong>Akti Komb\u00ebtar i Furnizimit Ekonomik (<\/strong><a href=\"https:\/\/www.fedlex.admin.ch\/eli\/cc\/2017\/308\/en#chap_2\/sec_1\"><strong>NESA<\/strong><\/a><strong>), i cili do t\u00eb sh\u00ebrbente si baz\u00eb p\u00ebr \u00e7do kufizim apo ndalim, nuk parashikon gjoba administrative n\u00eb form\u00ebn e tij aktuale. P\u00ebr rrjedhoj\u00eb, ndjekja e shkeljeve sipas\u00a0<\/strong><a href=\"https:\/\/www.fedlex.admin.ch\/eli\/cc\/2017\/308\/en#chap_2\/sec_1\"><strong>NESA<\/strong><\/a><strong>\u00a0do t\u00eb ishte m\u00eb e nd\u00ebrlikuar; megjithat\u00eb, \u00e7do gjob\u00eb e mundshme nuk do t\u00eb ishte m\u00eb e lart\u00eb se nj\u00eb gjob\u00eb normale administrative<\/strong>. N\u00eb \u00e7do rast, nj\u00eb pik\u00eb e r\u00ebnd\u00ebsishme \u00ebsht\u00eb se kontrollet e rrepta nuk jan\u00eb as t\u00eb realizueshme dhe as t\u00eb d\u00ebshirueshme. N\u00eb Zvic\u00ebr, ne u besojm\u00eb njer\u00ebzve q\u00eb t\u00eb respektojn\u00eb ligjin.\u201d-thuhet n\u00eb p\u00ebrgjigjen zyrtare t\u00eb Zvicr\u00ebs p\u00ebr Faktoje.<\/p>\n<p>Faktoje verifikoi edhe artikullin e publikuar n\u00eb 6 shtator n\u00eb gazet\u00ebn\u00a0<a href=\"https:\/\/www.blick.ch\/politik\/gfroerlis-muessen-im-ernstfall-bibbern-heiz-suendern-droht-der-knast-id17851055.html\">Blick<\/a>\u00a0ku flitet p\u00ebr masat q\u00eb mund t\u00eb merren n\u00eb rast t\u00eb munges\u00ebs s\u00eb gazit ndaj atyre q\u00eb shkelin me dashje parashikimet ligjore.<\/p>\n<p>Nga\u00a0<a href=\"https:\/\/www.swissinfo.ch\/eng\/switzerland-aims-to-reduce-winter-gas-consumption-by-15-\/47850440?utm_campaign=teaser-in-channel&amp;utm_source=swissinfoch&amp;utm_medium=display&amp;utm_content=o\">k\u00ebrkimet<\/a>\u00a0e Faktoje rezulton se qeveria n\u00eb Zvic\u00ebr ka k\u00ebrkuar nga qytetar\u00ebt q\u00eb vullnetarisht t\u00eb reduktojn\u00eb me 15% p\u00ebrdorimin e gazit n\u00eb periudh\u00ebn Tetor 2022-Mars 2023 q\u00eb jan\u00eb edhe muajt m\u00eb t\u00eb ftoht\u00eb. Kjo fushat\u00eb nd\u00ebrgjegj\u00ebsimi ka nisur n\u00eb fund t\u00eb muajit gusht. T\u00eb dh\u00ebnat tregojn\u00eb se vet\u00ebm p\u00ebr ngrohje Zvicra shpenzon \u00be e sasis\u00eb s\u00eb gazit t\u00eb p\u00ebrdorur gjat\u00eb dimrit. Familjet, industrit\u00eb, sektori publik dhe institucionet shtet\u00ebrore jan\u00eb ftuar nga qeveria t\u00eb reduktojn\u00eb ngrohjen, me argumentin se nj\u00eb grad\u00eb m\u00eb pak nxeht\u00ebsi, kursen 5-6% t\u00eb energjis\u00eb.<\/p>\n<p><strong>Kur dizinformimi p\u00ebrdoret p\u00ebr propagand\u00eb<\/strong><\/p>\n<p>Verifikimi i Faktoje mbi d\u00ebnimin me burg t\u00eb qytetar\u00ebve n\u00eb Zvic\u00ebr q\u00eb ngrohen me m\u00eb shum\u00eb se 19 grad\u00eb tregoi se deklarata e ministres Balluku \u00ebsht\u00eb e pav\u00ebrtet\u00eb. Por diskutimi p\u00ebrtej k\u00ebtij verifikimi \u00ebsht\u00eb mbi propagand\u00ebn q\u00eb b\u00ebhet p\u00ebrmes dizinformimit, sidomos n\u00eb nj\u00eb koh\u00eb t\u00eb till\u00eb kur qeverit\u00eb duhet t\u00eb mendojn\u00eb se si t\u00eb leht\u00ebsojn\u00eb qytetarin. N\u00eb rastin konkret, prezantohet nj\u00eb paket\u00eb antikriz\u00eb, por p\u00ebrcillen informacione dizinformues\u00eb p\u00ebr t\u00eb nd\u00ebrgjegj\u00ebsuar popullsin\u00eb t\u00eb kursej\u00eb energjin\u00eb. Edhe m\u00eb par\u00eb Faktoje ka verifikuar deklarata t\u00eb pav\u00ebrteta t\u00eb zyrtar\u00ebv\u00eb t\u00eb qeveris\u00eb mbi vendimmarrje t\u00eb shteteve t\u00eb tjera n\u00eb lidhje me \u00e7\u00ebshtje madhore.<\/p>\n<p><strong>N\u00eb 14 tetor 2021<\/strong>\u00a0Faktoje publikoi\u00a0<a href=\"https:\/\/faktoje.al\/rama-britania-ka-bere-plan-per-kufizimin-e-energjise\/\">nj\u00eb artikull<\/a>\u00a0mbi deklarat\u00ebn e kryeministrit Rama se Britania kishte b\u00ebr\u00eb nj\u00eb plan p\u00ebr kufizimin e energjis\u00eb. Por nj\u00eb p\u00ebrgjigje nga qeveria britanike p\u00ebr Faktojen e rr\u00ebzonte k\u00ebt\u00eb pretendim.<\/p>\n<p>M\u00eb her\u00ebt n\u00eb\u00a0<strong>29 shtator 2021<\/strong>\u00a0nj\u00eb\u00a0<a href=\"https:\/\/faktoje.al\/a-ka-gjermania-dhe-italia-nje-model-te-ngjashem-me-agjencine-e-medias-sic-deklaroi-kryeministri\/\">tjet\u00ebr artikull<\/a>\u00a0i Faktoje, ku p\u00ebrfshiheshin edhe\u00a0 p\u00ebrgjigjet nga qeveria gjermane rr\u00ebzoi nj\u00eb tjet\u00ebr pretendim t\u00eb kryeministrit n\u00eb lidhje me agjencin\u00eb e mediave si nj\u00eb model i suksessh\u00ebm gjerman.<\/p>\n<p>Nd\u00ebrkoh\u00eb n\u00eb\u00a0<strong>21 mars t\u00eb 2020<\/strong>\u00a0<a href=\"https:\/\/faktoje.al\/si-mund-ta-shmangte-kryeministri-rama-dezinformimin-dhe-perhapjen-e-panikut\/\">Faktoje verifikoi<\/a>\u00a0nj\u00eb video t\u00eb shp\u00ebrndar\u00eb nga kryeministri Rama duke\u00a0 iu referuar si nd\u00ebrhyrje e policis\u00eb spanjolle p\u00ebr t\u00eb shp\u00ebrndar\u00eb njer\u00ebzit gjat\u00eb pandemis\u00eb. Videoja i p\u00ebrkiste zhvillimeve n\u00eb Alegjeri dhe nuk kishte asnj\u00eb lidhje me pandemin\u00eb.\/Faktoje.al<\/p>\n<\/div>\n<\/div>\n<\/div>\n","protected":false},"excerpt":{"rendered":"<p>Fushata e nd\u00ebrgjegj\u00ebsimit p\u00ebr kursimin e energjis\u00eb n\u00eb Shqip\u00ebri, n\u00eb kushtet e kriz\u00ebs globale ka sh\u00ebnuar nj\u00eb tjet\u00ebr precedent kur qeveria propagandon p\u00ebrmes dizinformimit. Faktoje verifikoi si t\u00eb pav\u00ebrtet\u00eb nj\u00eb deklarat\u00eb t\u00eb ministres s\u00eb Energjis\u00eb Balluku se Zvicra d\u00ebnon me burg qytetar\u00ebt q\u00eb ngrohen me m\u00eb shum\u00eb se 19 grad\u00eb. P\u00ebrgjigjja e qeveris\u00eb zvicerane p\u00ebr [&hellip;]<\/p>\n","protected":false},"author":5,"featured_media":50239,"comment_status":"open","ping_status":"open","sticky":false,"template":"","format":"standard","meta":{"footnotes":""},"categories":[1,6332],"tags":[19527],"class_list":{"0":"post-50238","1":"post","2":"type-post","3":"status-publish","4":"format-standard","5":"has-post-thumbnail","7":"category-aktualitet","8":"category-te-fundit","9":"tag-as-denime-me-burg"},"_links":{"self":[{"href":"https:\/\/jugulajm.net\/index.php?rest_route=\/wp\/v2\/posts\/50238","targetHints":{"allow":["GET"]}}],"collection":[{"href":"https:\/\/jugulajm.net\/index.php?rest_route=\/wp\/v2\/posts"}],"about":[{"href":"https:\/\/jugulajm.net\/index.php?rest_route=\/wp\/v2\/types\/post"}],"author":[{"embeddable":true,"href":"https:\/\/jugulajm.net\/index.php?rest_route=\/wp\/v2\/users\/5"}],"replies":[{"embeddable":true,"href":"https:\/\/jugulajm.net\/index.php?rest_route=%2Fwp%2Fv2%2Fcomments&post=50238"}],"version-history":[{"count":0,"href":"https:\/\/jugulajm.net\/index.php?rest_route=\/wp\/v2\/posts\/50238\/revisions"}],"wp:featuredmedia":[{"embeddable":true,"href":"https:\/\/jugulajm.net\/index.php?rest_route=\/wp\/v2\/media\/50239"}],"wp:attachment":[{"href":"https:\/\/jugulajm.net\/index.php?rest_route=%2Fwp%2Fv2%2Fmedia&parent=50238"}],"wp:term":[{"taxonomy":"category","embeddable":true,"href":"https:\/\/jugulajm.net\/index.php?rest_route=%2Fwp%2Fv2%2Fcategories&post=50238"},{"taxonomy":"post_tag","embeddable":true,"href":"https:\/\/jugulajm.net\/index.php?rest_route=%2Fwp%2Fv2%2Ftags&post=50238"}],"curies":[{"name":"wp","href":"https:\/\/api.w.org\/{rel}","templated":true}]}}