{"id":50165,"date":"2022-09-15T10:19:21","date_gmt":"2022-09-15T08:19:21","guid":{"rendered":"https:\/\/jugulajm.net\/?p=50165"},"modified":"2022-09-15T10:19:21","modified_gmt":"2022-09-15T08:19:21","slug":"kapet-ne-greqi-shqiptari-i-akuzuar-per-dy-vrasje","status":"publish","type":"post","link":"https:\/\/jugulajm.net\/?p=50165","title":{"rendered":"Kapet n\u00eb Greqi shqiptari i akuzuar p\u00ebr dy vrasje"},"content":{"rendered":"<p>Nj\u00eb 39-vje\u00e7ar shqiptar, kriminel i thekur, shkruajn\u00eb mediat greke, u kap n\u00eb periferi t\u00eb Athin\u00ebs dhe ai akuzohet p\u00ebr nj\u00eb vrasje dhe nj\u00eb tentativ\u00eb vrasje.<\/p>\n<p>Policia greke n\u00eb nj\u00eb kontroll t\u00eb rast\u00ebsish\u00ebm m\u00eb 14 shtator n\u00eb periferi t\u00eb Athin\u00ebs,\u00a0ka identifikuar nj\u00eb kriminel shqiptar n\u00eb k\u00ebrkim, i cili nd\u00ebr t\u00eb tjera akuzohet p\u00ebr vrasje dhe tentativ\u00eb p\u00ebr vrasje.<\/p>\n<p>Kur ndaluan makin\u00ebn n\u00eb t\u00eb cil\u00ebn ai udh\u00ebtonte me nj\u00eb bashkatdhetar, oficer\u00ebt grek\u00eb zbuluan dy kallashnikov\u00eb n\u00eb bagazh dhe n\u00ebn tapiceri, nd\u00ebrsa n\u00eb nj\u00eb ndarje t\u00eb ve\u00e7ant\u00eb pas radios s\u00eb mjetit 2 karikator\u00eb me rreth 90 fishek\u00eb.<\/p>\n<p>Nga materiali k\u00ebrkimor q\u00eb kishin oficer\u00ebt e Sigurimit, rezultoi se 39-vje\u00e7ari \u00ebsht\u00eb autori i vrasjes s\u00eb nj\u00eb romi, mesdit\u00ebn e 31 korrikut n\u00eb Agia Varvara, por edhe i tentativ\u00ebs s\u00eb vrasjes s\u00eb nj\u00eb t\u00eb huaji n\u00eb Agios. Pavlos, n\u00eb Metaksurgji m\u00eb 15 korrik.<\/p>\n<p>Autori ishte shpallur n\u00eb k\u00ebrkim pas\u00a0dy ngjarjeve t\u00eb p\u00ebrgjakshme t\u00eb ndodhura brenda pak dit\u00ebsh\u00a0n\u00eb Agia Varvara dhe Agios Pavlos.<\/p>\n<p>Arrestimi i rast\u00ebsish\u00ebm u b\u00eb\u00a0vet\u00ebm pak or\u00eb para operacionit t\u00eb arrestimit t\u00eb tij nga EL.AS., q\u00eb e\u00a0ishte planifikuar p\u00ebr 48 or\u00ebt e ardhshme.<\/p>\n<p>Krimineli fam\u00ebkeq ishte\u00a0liruar nga burgu majin e kaluar, pasi kishte vuajtur d\u00ebnimin p\u00ebr nj\u00eb \u00e7\u00ebshtje droge. Ai, s\u00eb bashku me nj\u00eb tjet\u00ebr 22-vje\u00e7ar, po hipnin n\u00eb nj\u00eb I.X t\u00eb zi. n\u00eb Avenue Athin\u00eb e cila u cil\u00ebsua e dyshimt\u00eb nga policia q\u00eb\u00a0e ndaloi p\u00ebr kontroll.<\/p>\n<p>Gjat\u00eb kontrollit, pasi policia gjeti dy automatik\u00eb kallashnikov, si dhe dy karikator\u00eb me 90 fishek\u00eb, t\u00eb dy personat u vun\u00eb menj\u00ebher\u00eb n\u00eb pranga dhe u d\u00ebrguan n\u00eb Drejtorin\u00eb e P\u00ebrgjithshme t\u00eb Policis\u00eb Atik\u00eb.<\/p>\n<p>Nd\u00ebrsa u konstatua se 39-vje\u00e7ari ishte i akuzuar\u00a0p\u00ebr drog\u00eb, grabitje dhe vjedhje, edhe 22-vje\u00e7ari rezultonte i njohur edhe p\u00ebr autoritetet, pasi kishte qen\u00eb i angazhuar\u00a0n\u00eb\u00a0vjedhje dhe grabitje.<\/p>\n","protected":false},"excerpt":{"rendered":"<p>Nj\u00eb 39-vje\u00e7ar shqiptar, kriminel i thekur, shkruajn\u00eb mediat greke, u kap n\u00eb periferi t\u00eb Athin\u00ebs dhe ai akuzohet p\u00ebr nj\u00eb vrasje dhe nj\u00eb tentativ\u00eb vrasje. Policia greke n\u00eb nj\u00eb kontroll t\u00eb rast\u00ebsish\u00ebm m\u00eb 14 shtator n\u00eb periferi t\u00eb Athin\u00ebs,\u00a0ka identifikuar nj\u00eb kriminel shqiptar n\u00eb k\u00ebrkim, i cili nd\u00ebr t\u00eb tjera akuzohet p\u00ebr vrasje dhe tentativ\u00eb [&hellip;]<\/p>\n","protected":false},"author":5,"featured_media":50166,"comment_status":"open","ping_status":"open","sticky":false,"template":"","format":"standard","meta":{"footnotes":""},"categories":[1,6332],"tags":[],"class_list":{"0":"post-50165","1":"post","2":"type-post","3":"status-publish","4":"format-standard","5":"has-post-thumbnail","7":"category-aktualitet","8":"category-te-fundit"},"_links":{"self":[{"href":"https:\/\/jugulajm.net\/index.php?rest_route=\/wp\/v2\/posts\/50165","targetHints":{"allow":["GET"]}}],"collection":[{"href":"https:\/\/jugulajm.net\/index.php?rest_route=\/wp\/v2\/posts"}],"about":[{"href":"https:\/\/jugulajm.net\/index.php?rest_route=\/wp\/v2\/types\/post"}],"author":[{"embeddable":true,"href":"https:\/\/jugulajm.net\/index.php?rest_route=\/wp\/v2\/users\/5"}],"replies":[{"embeddable":true,"href":"https:\/\/jugulajm.net\/index.php?rest_route=%2Fwp%2Fv2%2Fcomments&post=50165"}],"version-history":[{"count":0,"href":"https:\/\/jugulajm.net\/index.php?rest_route=\/wp\/v2\/posts\/50165\/revisions"}],"wp:featuredmedia":[{"embeddable":true,"href":"https:\/\/jugulajm.net\/index.php?rest_route=\/wp\/v2\/media\/50166"}],"wp:attachment":[{"href":"https:\/\/jugulajm.net\/index.php?rest_route=%2Fwp%2Fv2%2Fmedia&parent=50165"}],"wp:term":[{"taxonomy":"category","embeddable":true,"href":"https:\/\/jugulajm.net\/index.php?rest_route=%2Fwp%2Fv2%2Fcategories&post=50165"},{"taxonomy":"post_tag","embeddable":true,"href":"https:\/\/jugulajm.net\/index.php?rest_route=%2Fwp%2Fv2%2Ftags&post=50165"}],"curies":[{"name":"wp","href":"https:\/\/api.w.org\/{rel}","templated":true}]}}