{"id":50141,"date":"2022-09-14T15:52:44","date_gmt":"2022-09-14T13:52:44","guid":{"rendered":"https:\/\/jugulajm.net\/?p=50141"},"modified":"2022-09-14T15:54:47","modified_gmt":"2022-09-14T13:54:47","slug":"kursimi-i-energjise-percartet-balluku-u-kujton-femijeve-burgun","status":"publish","type":"post","link":"https:\/\/jugulajm.net\/?p=50141","title":{"rendered":"Kursimi i energjis\u00eb\/ P\u00ebr\u00e7artet Balluku, u kujton f\u00ebmij\u00ebve burgun"},"content":{"rendered":"<p>Belinda Balluku, numri dy i qeveris\u00eb dhe Evis Kushi, ministrja e Arsimit kan\u00eb vendosur q\u00eb t\u00eb b\u00ebjn\u00eb fushat\u00eb edhe me f\u00ebmij\u00ebt e vegj\u00ebl n\u00eb shkolla. S\u00eb fundmi, ato kan\u00eb nd\u00ebrmarr\u00eb nj\u00eb fushat\u00eb n\u00eb lidhje me kursimin e Energjis\u00eb.<\/p>\n<p>Balluku u tregoi f\u00ebmij\u00ebve m\u00ebnyra praktike si t\u00eb kursejn\u00eb energji, duke filluar q\u00eb nga l\u00ebnia e karakusit n\u00eb priz\u00eb dhe hapjen e frigoriferit.<\/p>\n<p>Por pas k\u00ebsaj, ajo i kujtoi atyre burgun, duke i sjell\u00eb si rast shtetin e Zvicr\u00ebs.<\/p>\n<p><strong>Balluku tha:<\/strong><\/p>\n<h6>Kriza energjitike \u00ebsht\u00eb pak e v\u00ebshtir\u00eb p\u00ebr tu kuptuar. Mburoja sociale energjitike. Asnj\u00eb abonent deri m\u00eb sot nuk a paguar asnj\u00eb lek\u00eb m\u00eb tep\u00ebr, pavar\u00ebsisht se qeveris\u00eb i \u00ebsht\u00eb dashur ta blej\u00eb. Gjat\u00eb dimrit do t\u00eb jet\u00eb m\u00eb v\u00ebshtir\u00eb, sepse konsumi \u00ebsht\u00eb m\u00eb i gjat\u00eb. Sot duhet t\u00eb kursejm\u00eb, ju mund t\u00eb b\u00ebheni heroi i energjis\u00eb. A e dini se kur e heqim telin nga karikimi, karikuesi q\u00eb l\u00ebm\u00eb n\u00eb priz\u00eb konsumon energji. Kur hapim der\u00ebn e frigroriferit harxhojm\u00eb m\u00eb shum\u00eb energji. A e dini se n\u00eb Zvicra d\u00ebnon me burg ata q\u00eb e mbajn\u00eb kondicionerin mbi 19 grad\u00eb?<\/h6>\n","protected":false},"excerpt":{"rendered":"<p>Belinda Balluku, numri dy i qeveris\u00eb dhe Evis Kushi, ministrja e Arsimit kan\u00eb vendosur q\u00eb t\u00eb b\u00ebjn\u00eb fushat\u00eb edhe me f\u00ebmij\u00ebt e vegj\u00ebl n\u00eb shkolla. S\u00eb fundmi, ato kan\u00eb nd\u00ebrmarr\u00eb nj\u00eb fushat\u00eb n\u00eb lidhje me kursimin e Energjis\u00eb. Balluku u tregoi f\u00ebmij\u00ebve m\u00ebnyra praktike si t\u00eb kursejn\u00eb energji, duke filluar q\u00eb nga l\u00ebnia e karakusit [&hellip;]<\/p>\n","protected":false},"author":5,"featured_media":50142,"comment_status":"open","ping_status":"open","sticky":false,"template":"","format":"standard","meta":{"footnotes":""},"categories":[6327,6332],"tags":[],"class_list":{"0":"post-50141","1":"post","2":"type-post","3":"status-publish","4":"format-standard","5":"has-post-thumbnail","7":"category-ekonomi","8":"category-te-fundit"},"_links":{"self":[{"href":"https:\/\/jugulajm.net\/index.php?rest_route=\/wp\/v2\/posts\/50141","targetHints":{"allow":["GET"]}}],"collection":[{"href":"https:\/\/jugulajm.net\/index.php?rest_route=\/wp\/v2\/posts"}],"about":[{"href":"https:\/\/jugulajm.net\/index.php?rest_route=\/wp\/v2\/types\/post"}],"author":[{"embeddable":true,"href":"https:\/\/jugulajm.net\/index.php?rest_route=\/wp\/v2\/users\/5"}],"replies":[{"embeddable":true,"href":"https:\/\/jugulajm.net\/index.php?rest_route=%2Fwp%2Fv2%2Fcomments&post=50141"}],"version-history":[{"count":0,"href":"https:\/\/jugulajm.net\/index.php?rest_route=\/wp\/v2\/posts\/50141\/revisions"}],"wp:featuredmedia":[{"embeddable":true,"href":"https:\/\/jugulajm.net\/index.php?rest_route=\/wp\/v2\/media\/50142"}],"wp:attachment":[{"href":"https:\/\/jugulajm.net\/index.php?rest_route=%2Fwp%2Fv2%2Fmedia&parent=50141"}],"wp:term":[{"taxonomy":"category","embeddable":true,"href":"https:\/\/jugulajm.net\/index.php?rest_route=%2Fwp%2Fv2%2Fcategories&post=50141"},{"taxonomy":"post_tag","embeddable":true,"href":"https:\/\/jugulajm.net\/index.php?rest_route=%2Fwp%2Fv2%2Ftags&post=50141"}],"curies":[{"name":"wp","href":"https:\/\/api.w.org\/{rel}","templated":true}]}}