{"id":50017,"date":"2022-09-10T11:12:43","date_gmt":"2022-09-10T09:12:43","guid":{"rendered":"https:\/\/jugulajm.net\/?p=50017"},"modified":"2022-09-10T11:15:55","modified_gmt":"2022-09-10T09:15:55","slug":"shehu-shqiptaret-ne-itali-do-te-votojne-me-25-shtator-koalicionin-e-djathte","status":"publish","type":"post","link":"https:\/\/jugulajm.net\/?p=50017","title":{"rendered":"FOTO\/ Shehu: Shqiptar\u00ebt n\u00eb Itali do t\u00eb votojn\u00eb m\u00eb 25 shtator koalicionin e djatht\u00eb"},"content":{"rendered":"<p>Deputeti i PD-s\u00eb per Qarkun Gjirokaster, Tritan Shehu, \u00ebsht\u00eb takuar me shum\u00eb shqiptar\u00eb gjat\u00eb vizit\u00ebs s\u00eb tij n\u00eb Udine te Italise.<\/p>\n<p>Permes nje postimi ne fb, Shehu shprehet se shqiptar\u00ebt n\u00eb Itali do t\u00eb votojn\u00eb m\u00eb 25 shtator koalicionin e djatht\u00eb.<\/p>\n<p>Ai thekson se PD \u00ebsht\u00eb n\u00eb solidaritet e mb\u00ebshtetje t\u00eb plot\u00eb me k\u00ebt\u00eb koalicion.<\/p>\n<p><strong>Ja postimi i plote i Shehut: <\/strong><\/p>\n<p>Shqiptaret ne Itali do te votojne me 25 Shtator ne shumice Koalicionin e djathte!<br \/>\nMbreme ne Udine, me Zj.Meloni, drejtues, deputete, senatore etj, te \u201cFrateli d\u2019Italia, si dhe shqiptare me banim ne Itali, pata nje sere takimesh e bisedash.<\/p>\n<p>PD eshte ne solidaritet e mbeshtetje te plote me kete Koalicion, qe neser ne qeverisje me vizionin e tij do te luaje nje rol shume te rendesishem pozitiv ne zhvillimet ne Itali dhe Europe.<\/p>\n<p>Pa dyshim Qeveria e ketij koalicioni do te mbeshtese fort Shqiperine ne zhvillimet e domosdoshme per konsolidimin e demokracise, zhvillimin ekonomik, luften me krimin, trafiqet, korupsionin etj.<\/p>\n<p>Ne rrugen tone europiane e perendimore.<\/p>\n<div id=\"pa_videoslider\">\n<div id=\"videoad\">Shqiptaret me banim ne Itali do te jene gjithmone e me shume faktor i rendesishem ne keto zhvillime.<\/div>\n<\/div>\n<p>PD do te kete ne keto perpjekje nje bashkepunim te ngushte e te frutshem me kolget tane te djathte italiane, ne realizimin e aspiratave tona dhe ne konsolidimin e drejtimit Perendimor te Shqiperise e Rajonit tone.<\/p>\n<p>Bashkekombesit tane ne Itali, me voten e tyre te 25 Shtatorit, do te behen pa asnje dyshim pjese e fitores te se djathtes e qendres se djathte italiane!<br \/>\nUrimet me te mira Koalicionit te djathte e te Qendres se djathte me Berlusconin, Melonin, Salvinin, Cesa, per suksesin e madh, qe tashme eshte i afert!<\/p>\n<p><img decoding=\"async\" src=\"https:\/\/scontent.ftia14-1.fna.fbcdn.net\/v\/t39.30808-6\/305756345_613117316934483_763457031767680404_n.jpg?_nc_cat=111&amp;ccb=1-7&amp;_nc_sid=8bfeb9&amp;_nc_ohc=QtcpHGpZv4AAX-n7jLB&amp;_nc_ht=scontent.ftia14-1.fna&amp;oh=00_AT9HXSVP9OjbqnRgS-BAyvcrwWPU4pCQb13l9VZXfZXtvw&amp;oe=63212D15\" alt=\"Mund t\u00eb jet\u00eb nj\u00eb imazh i 3 persona dhe njer\u00ebz n\u00eb k\u00ebmb\u00eb\" \/><img decoding=\"async\" src=\"https:\/\/scontent.ftia14-1.fna.fbcdn.net\/v\/t39.30808-6\/306011311_613117246934490_7408199195663369570_n.jpg?_nc_cat=106&amp;ccb=1-7&amp;_nc_sid=8bfeb9&amp;_nc_ohc=hApuZnLeBS8AX_o6ZgD&amp;_nc_ht=scontent.ftia14-1.fna&amp;oh=00_AT8MJcWrDwlet7pfsd_szbhAa027b4IZw4glZxQTtuTdHw&amp;oe=6321C3A7\" alt=\"Mund t\u00eb jet\u00eb nj\u00eb imazh i 6 persona dhe njer\u00ebz n\u00eb k\u00ebmb\u00eb\" \/><img decoding=\"async\" src=\"https:\/\/scontent.ftia14-1.fna.fbcdn.net\/v\/t39.30808-6\/305962096_613117213601160_2768004126490326188_n.jpg?_nc_cat=109&amp;ccb=1-7&amp;_nc_sid=8bfeb9&amp;_nc_ohc=cSkq6fe3eIgAX_lzZmD&amp;_nc_ht=scontent.ftia14-1.fna&amp;oh=00_AT_VO5CPNKh1A7AJlwvKCN06zbz54obOo3kp0hGGIVB1sg&amp;oe=6321767B\" alt=\"Mund t\u00eb jet\u00eb nj\u00eb imazh i 9 persona dhe njer\u00ebz n\u00eb k\u00ebmb\u00eb\" \/><img decoding=\"async\" src=\"https:\/\/scontent.ftia14-1.fna.fbcdn.net\/v\/t39.30808-6\/305918300_613117293601152_8333413743578229432_n.jpg?_nc_cat=100&amp;ccb=1-7&amp;_nc_sid=8bfeb9&amp;_nc_ohc=R2fYTldys-oAX_d7viT&amp;_nc_ht=scontent.ftia14-1.fna&amp;oh=00_AT-Mn_zUlvyzzgbJ0Ah2cstY4g4sKqoRh2gAAQW37D5b4A&amp;oe=6320CC3B\" alt=\"Mund t\u00eb jet\u00eb nj\u00eb imazh i 6 persona dhe ambiente t\u00eb brendshme\" \/><img decoding=\"async\" src=\"https:\/\/scontent.ftia14-1.fna.fbcdn.net\/v\/t39.30808-6\/305823778_613117403601141_2330495134853249935_n.jpg?stp=cp6_dst-jpg&amp;_nc_cat=106&amp;ccb=1-7&amp;_nc_sid=8bfeb9&amp;_nc_ohc=OX-emnKIo1YAX_2LgCc&amp;_nc_ht=scontent.ftia14-1.fna&amp;oh=00_AT-jTC3u9BNkq6ffSRnRJHhRUBOnRko2MSNoakcUs6mF2Q&amp;oe=63216A63\" alt=\"Mund t\u00eb jet\u00eb nj\u00eb imazh i 6 persona dhe njer\u00ebz n\u00eb k\u00ebmb\u00eb\" \/><img decoding=\"async\" src=\"https:\/\/scontent.ftia14-1.fna.fbcdn.net\/v\/t39.30808-6\/306076015_613117380267810_3784738961010487512_n.jpg?stp=cp6_dst-jpg&amp;_nc_cat=104&amp;ccb=1-7&amp;_nc_sid=8bfeb9&amp;_nc_ohc=g3kRaPP_HeYAX-q1QOt&amp;_nc_ht=scontent.ftia14-1.fna&amp;oh=00_AT9NUu_WqzuTtsJs8PCk23FsfzvnoZQYl4lRqNpZrJC8TA&amp;oe=63223AED\" alt=\"Mund t\u00eb jet\u00eb nj\u00eb imazh i 5 persona dhe njer\u00ebz n\u00eb k\u00ebmb\u00eb\" \/><img decoding=\"async\" src=\"https:\/\/scontent.ftia14-1.fna.fbcdn.net\/v\/t39.30808-6\/305833783_613117243601157_1987110493839399538_n.jpg?_nc_cat=106&amp;ccb=1-7&amp;_nc_sid=8bfeb9&amp;_nc_ohc=xNI3wCBeKfoAX_glU2G&amp;_nc_ht=scontent.ftia14-1.fna&amp;oh=00_AT9wl9tnYpJYEOWVzkuijLUa_gMKDWfg9KW_jxNReN31BQ&amp;oe=6320E4ED\" alt=\"Mund t\u00eb jet\u00eb nj\u00eb imazh i 2 persona, njer\u00ebz n\u00eb k\u00ebmb\u00eb dhe ambiente t\u00eb brendshme\" \/><\/p>\n","protected":false},"excerpt":{"rendered":"<p>Deputeti i PD-s\u00eb per Qarkun Gjirokaster, Tritan Shehu, \u00ebsht\u00eb takuar me shum\u00eb shqiptar\u00eb gjat\u00eb vizit\u00ebs s\u00eb tij n\u00eb Udine te Italise. Permes nje postimi ne fb, Shehu shprehet se shqiptar\u00ebt n\u00eb Itali do t\u00eb votojn\u00eb m\u00eb 25 shtator koalicionin e djatht\u00eb. Ai thekson se PD \u00ebsht\u00eb n\u00eb solidaritet e mb\u00ebshtetje t\u00eb plot\u00eb me k\u00ebt\u00eb koalicion. [&hellip;]<\/p>\n","protected":false},"author":5,"featured_media":50018,"comment_status":"open","ping_status":"open","sticky":false,"template":"","format":"standard","meta":{"footnotes":""},"categories":[6326,6332],"tags":[],"class_list":{"0":"post-50017","1":"post","2":"type-post","3":"status-publish","4":"format-standard","5":"has-post-thumbnail","7":"category-politike","8":"category-te-fundit"},"_links":{"self":[{"href":"https:\/\/jugulajm.net\/index.php?rest_route=\/wp\/v2\/posts\/50017","targetHints":{"allow":["GET"]}}],"collection":[{"href":"https:\/\/jugulajm.net\/index.php?rest_route=\/wp\/v2\/posts"}],"about":[{"href":"https:\/\/jugulajm.net\/index.php?rest_route=\/wp\/v2\/types\/post"}],"author":[{"embeddable":true,"href":"https:\/\/jugulajm.net\/index.php?rest_route=\/wp\/v2\/users\/5"}],"replies":[{"embeddable":true,"href":"https:\/\/jugulajm.net\/index.php?rest_route=%2Fwp%2Fv2%2Fcomments&post=50017"}],"version-history":[{"count":0,"href":"https:\/\/jugulajm.net\/index.php?rest_route=\/wp\/v2\/posts\/50017\/revisions"}],"wp:featuredmedia":[{"embeddable":true,"href":"https:\/\/jugulajm.net\/index.php?rest_route=\/wp\/v2\/media\/50018"}],"wp:attachment":[{"href":"https:\/\/jugulajm.net\/index.php?rest_route=%2Fwp%2Fv2%2Fmedia&parent=50017"}],"wp:term":[{"taxonomy":"category","embeddable":true,"href":"https:\/\/jugulajm.net\/index.php?rest_route=%2Fwp%2Fv2%2Fcategories&post=50017"},{"taxonomy":"post_tag","embeddable":true,"href":"https:\/\/jugulajm.net\/index.php?rest_route=%2Fwp%2Fv2%2Ftags&post=50017"}],"curies":[{"name":"wp","href":"https:\/\/api.w.org\/{rel}","templated":true}]}}