{"id":49906,"date":"2022-09-06T16:22:06","date_gmt":"2022-09-06T14:22:06","guid":{"rendered":"https:\/\/jugulajm.net\/?p=49906"},"modified":"2022-09-06T16:23:43","modified_gmt":"2022-09-06T14:23:43","slug":"territorialja-asllani-reforme-pa-transparence-duhet-pjesemarrje-nga-te-gjitha-krahet","status":"publish","type":"post","link":"https:\/\/jugulajm.net\/?p=49906","title":{"rendered":"Territorialja\/ Asllani: Reform\u00eb pa transparenc\u00eb, duhet pjes\u00ebmarrje nga t\u00eb gjitha pal\u00ebt"},"content":{"rendered":"<p>Mazhoranca dhe opozita rinis\u00ebn k\u00ebt\u00eb t\u00eb mart\u00eb seancat d\u00ebgjimore me grupet e interesit mbi problematikat e qeverisjes vendore. Lidhur me k\u00ebt\u00eb \u00e7\u00ebshtje Ylli Asllani, sekretar p\u00ebr Pushtetin vendor n\u00eb PD tha n\u00eb studion e lajmeve n\u00eb MCN Tv se procesi k\u00ebrkon pjes\u00ebmarrjen e t\u00eb gjith\u00ebve\u00a0dhe se do ishte mir\u00eb q\u00eb t\u00eb p\u00ebrfshihej edhe shoq\u00ebria civile dhe personalitete t\u00eb ndryshme.<\/p>\n<p>Duke vijuar shpjegimin e tij, Asllani tha se k\u00ebsaj reforme i mungon transparenca, dhe se q\u00ebllimet e v\u00ebrteta t\u00eb k\u00ebsaj reforme ndodhen n\u00eb mendjen e kryeministrit Rama q\u00eb n\u00eb fund do t\u00eb nxjerr\u00eb paket\u00ebn e vet.<\/p>\n<p>Qeverisja vendore apo lufta p\u00ebr autonomi vendore \u00ebsht\u00eb revolucioni i dyt\u00eb i heshtur brenda demokracis\u00eb, k\u00ebrkon pjes\u00ebmarrjen e t\u00eb gjith\u00ebvE, do ishte mir\u00eb t\u00eb p\u00ebrfshihej shoq\u00ebria civile, personalitete t\u00eb ndryshme. Kemi kontaktuar me disa dhe na ka ardhur mir\u00eb q\u00eb kan\u00eb pasur reagim realist. Emrat jan\u00eb t\u00eb shumt\u00eb, rektori\u00a0 Ilia Kristo, personalitete nga univeristeti Polis,\u00a0 ASH, me figura q\u00eb kan\u00eb kontribute. \u00cbsht\u00eb nj\u00eb konsult\u00eb. Pas tyre q\u00ebndron vepra shkencore e studimore q\u00eb mir\u00eb \u00ebsht\u00eb q\u00eb edhe politika t\u00eb mbaj\u00eb sh\u00ebnime.<\/p>\n<p>Ajo q\u00eb i mungon reformave n\u00eb Shqiperi dhe k\u00ebsaj n\u00eb ve\u00e7anti \u00ebsht\u00eb transparenca, n\u00ebse do marrim k\u00ebt\u00eb reform\u00eb jam i bindur q\u00eb t\u00eb gjitha ata q\u00eb jan\u00eb pjes\u00eb e atij paneli nuk e din\u00eb q\u00ebllimin e\u00a0 v\u00ebrtet\u00eb t\u00eb k\u00ebsaj reforme, ndodhet n\u00eb mendjen e nj\u00eb njeriu q\u00eb n\u00eb fund do t\u00eb nxjerr\u00eb paket\u00ebn e tij.<\/p>\n<p>M\u00eb tej, Asllani tha n\u00eb studio se se grupi i PD \u00ebsht\u00eb kund\u00ebr fragmentarizimit thjesht si ide duke shtuar se thelbi i reform\u00ebs territoriale nuk \u00ebsht\u00eb tek prerja por tek funksionimi i pushtetit lokal.<\/p>\n<p>Ne nuk kemi surpriza n\u00eb k\u00ebt\u00eb mes, ne jemi kund\u00ebr fragmentizimit thjesht si ide. Fragmentizimi \u00ebsht\u00eb gj\u00ebja m\u00eb e par\u00ebnd\u00ebsishme e nj\u00eb reforme. Thelbi nuk \u00ebsht\u00eb te prerja, thelbi \u00ebsht\u00eb te funksionimi i pushtetit lokal, ne e kemi quajtur nj\u00eb qeverisje m\u00eb af\u00ebr qytetar\u00ebve, dhe nj\u00eb qeverisje m\u00eb eficente. Kjo ishte ajo q\u00eb kemi menduar. Reforma e 2014 q\u00eb pranojn\u00eb t\u00eb gjith\u00eb q\u00eb ka d\u00ebshtuar l\u00eb shteg p\u00ebr shum\u00eb ham\u00ebndje p\u00ebr arsye .<\/p>\n<p>Mungon transparenca nuk e di cili \u00ebsht\u00eb q\u00ebllimi q\u00eb ka kryetari i PS me k\u00ebt\u00eb reform\u00eb . N\u00ebse vihen re nj\u00eb s\u00ebr\u00eb difektesh qoft\u00eb n\u00eb shk\u00ebrmoqjen e demokracis\u00eb lokale, jan\u00eb nj\u00eb seri hapash, \u00ebsht\u00eb shkelur llogaridh\u00ebnia. Nuk nxiti zhvillimin rajonal, shtoi varf\u00ebrin\u00eb, q\u00ebllimi \u00ebsht\u00eb q\u00eb t\u00eb rritet mir\u00ebq\u00ebnia. Reforma e 2014 nuk e realizoi k\u00ebt\u00eb gj\u00eb, realizoi nj\u00eb pushtet lokal n\u00eb kolaps t\u00eb plot\u00eb.<\/p>\n<p>Ka prodhur bashki t\u00eb falimentuara. 20 bashki n\u00eb prag t\u00eb falimentim total.<\/p>\n<p>Asllani tha se PD po punon q\u00eb nga 2010 p\u00ebr Reform\u00ebn Territoriale dhe se propozimi i opozit\u00ebs ka si parasysh objektivat p\u00ebr t\u00eb arritur nj\u00eb eficens\u00eb politike dhe nj\u00eb trajtim m\u00eb t\u00eb mir\u00eb t\u00eb t\u00eb ardhurave.<\/p>\n<p>E v\u00ebrteta \u00ebsht\u00eb q\u00eb PD nuk \u00ebsht\u00eb se ka nisur tani t\u00eb mendoj\u00eb p\u00ebr reform\u00ebn territoriale. Ka q\u00eb n\u00eb 2010 q\u00eb PD po punon me nj\u00eb studim q\u00eb e p\u00ebrmir\u00ebson hap pas hapi, ka pasur dhe shum\u00eb bashk\u00ebpun\u00ebtor\u00eb. Kemi par\u00eb dhe produktet t\u00eb studiuesve suedez\u00eb. PS ka patur grupin studimor t\u00eb saj dhe projekti i tyre ishte m\u00eb i mir\u00eb se projekti q\u00eb krijoi Rama me t\u00eb vet\u00ebt.<\/p>\n<p>Kjo reform\u00eb s&#8217;ka ndryshuar n\u00eb qasjen me qytetarin , e ka humbur qytetarin, investimet e kan\u00eb zhuritur periferin\u00eb. N\u00ebse doni t\u00eb shihni rezultatin e k\u00ebsaj reforme\u00a0shihni shpopullimin. Ne vijm\u00eb me nj\u00eb projet nga themelet, mbajm\u00eb parasysh dhe objektivat p\u00ebr t\u00eb arritur\u00a0nj\u00eb eficens\u00eb politike, apo trajtimin m\u00eb t\u00eb mir\u00eb t\u00eb t\u00eb ardhurave. Ofrojm\u00eb nj\u00eb p\u00ebrmir\u00ebsim t\u00eb defekteve t\u00eb k\u00ebsaj reforme.<\/p>\n<p>Reforma ka goditur zonat rurale. Thelbi \u00ebsht\u00eb t\u00eb b\u00ebhet harmonizim i kapaciteteve njer\u00ebzore, financiare dhe sherbimeve.<\/p>\n","protected":false},"excerpt":{"rendered":"<p>Mazhoranca dhe opozita rinis\u00ebn k\u00ebt\u00eb t\u00eb mart\u00eb seancat d\u00ebgjimore me grupet e interesit mbi problematikat e qeverisjes vendore. Lidhur me k\u00ebt\u00eb \u00e7\u00ebshtje Ylli Asllani, sekretar p\u00ebr Pushtetin vendor n\u00eb PD tha n\u00eb studion e lajmeve n\u00eb MCN Tv se procesi k\u00ebrkon pjes\u00ebmarrjen e t\u00eb gjith\u00ebve\u00a0dhe se do ishte mir\u00eb q\u00eb t\u00eb p\u00ebrfshihej edhe shoq\u00ebria civile [&hellip;]<\/p>\n","protected":false},"author":5,"featured_media":49909,"comment_status":"open","ping_status":"open","sticky":false,"template":"","format":"standard","meta":{"footnotes":""},"categories":[1,6326,6332],"tags":[],"class_list":{"0":"post-49906","1":"post","2":"type-post","3":"status-publish","4":"format-standard","5":"has-post-thumbnail","7":"category-aktualitet","8":"category-politike","9":"category-te-fundit"},"_links":{"self":[{"href":"https:\/\/jugulajm.net\/index.php?rest_route=\/wp\/v2\/posts\/49906","targetHints":{"allow":["GET"]}}],"collection":[{"href":"https:\/\/jugulajm.net\/index.php?rest_route=\/wp\/v2\/posts"}],"about":[{"href":"https:\/\/jugulajm.net\/index.php?rest_route=\/wp\/v2\/types\/post"}],"author":[{"embeddable":true,"href":"https:\/\/jugulajm.net\/index.php?rest_route=\/wp\/v2\/users\/5"}],"replies":[{"embeddable":true,"href":"https:\/\/jugulajm.net\/index.php?rest_route=%2Fwp%2Fv2%2Fcomments&post=49906"}],"version-history":[{"count":0,"href":"https:\/\/jugulajm.net\/index.php?rest_route=\/wp\/v2\/posts\/49906\/revisions"}],"wp:featuredmedia":[{"embeddable":true,"href":"https:\/\/jugulajm.net\/index.php?rest_route=\/wp\/v2\/media\/49909"}],"wp:attachment":[{"href":"https:\/\/jugulajm.net\/index.php?rest_route=%2Fwp%2Fv2%2Fmedia&parent=49906"}],"wp:term":[{"taxonomy":"category","embeddable":true,"href":"https:\/\/jugulajm.net\/index.php?rest_route=%2Fwp%2Fv2%2Fcategories&post=49906"},{"taxonomy":"post_tag","embeddable":true,"href":"https:\/\/jugulajm.net\/index.php?rest_route=%2Fwp%2Fv2%2Ftags&post=49906"}],"curies":[{"name":"wp","href":"https:\/\/api.w.org\/{rel}","templated":true}]}}