{"id":49877,"date":"2022-09-06T09:52:37","date_gmt":"2022-09-06T07:52:37","guid":{"rendered":"https:\/\/jugulajm.net\/?p=49877"},"modified":"2022-09-06T09:53:17","modified_gmt":"2022-09-06T07:53:17","slug":"video-konferenca-boterore-e-baladave-per-here-te-pare-ne-universitetin-e-gjirokastres","status":"publish","type":"post","link":"https:\/\/jugulajm.net\/?p=49877","title":{"rendered":"VIDEO\/Konferenca Bot\u00ebrore e Baladave p\u00ebr her\u00eb t\u00eb par\u00eb n\u00eb Universitetin e Gjirokastr\u00ebs"},"content":{"rendered":"<div>Universiteti \u201cEqrem \u00c7abej\u201d i Gjirokastr\u00ebs ka qen\u00eb mikprit\u00ebs i Konferenc\u00ebs s\u00eb 50-t\u00eb Bot\u00ebrore t\u00eb Baladave organizuar nga Komisioni Nd\u00ebrkomb\u00ebtar i Baladave (KfV) dhe Akademia e Shkencave t\u00eb Shqip\u00ebris\u00eb n\u00eb Tiran\u00eb e Gjirokast\u00ebr me tem\u00eb \u201cBaladat dhe audienca n\u00eb koh\u00eb dhe hap\u00ebsir\u00eb\u201d.<\/div>\n<div>Mbi 60 studiues dhe k\u00ebrkues t\u00eb baladave nga universitetet dhe qendrat k\u00ebrkimore m\u00eb t\u00eb r\u00ebnd\u00ebsishme europiane e bot\u00ebrore kan\u00eb marr\u00eb pjes\u00eb me kumtime n\u00eb k\u00ebt\u00eb ngjarje t\u00eb madhe shkencore q\u00eb p\u00ebrkon edhe me 50-vjetorin e themelimit t\u00eb Akademis\u00eb s\u00eb Shkencave t\u00eb Shqip\u00ebris\u00eb. Akademik Shaban Sinani pohon se ky \u00ebsht\u00eb organizimi m\u00eb i r\u00ebnd\u00ebsish\u00ebm i k\u00ebtyre p\u00ebrmasave prej vitit 1983.<\/div>\n<div>N\u00eb konferenc\u00eb ishin t\u00eb pranish\u00ebm disa nga studiuesit m\u00eb t\u00eb r\u00ebnd\u00ebsish\u00ebm n\u00eb nivel bot\u00ebror, studiues arb\u00ebresh\u00eb t\u00eb Italis\u00eb, studiues nga Kosova dhe Maqedonia e Veriut, studiues shqiptar\u00eb q\u00eb jetojn\u00eb jasht\u00eb vendit dhe punojn\u00eb n\u00eb universitete e n\u00eb qendra k\u00ebrkimore si dhe 4 studiuese nga Ukraina.<\/div>\n<div>P\u00ebrmes kumtesave disa nga studiuesit vendas shp\u00ebrfaq\u00ebn disa an\u00eb t\u00eb panjohura ose t\u00eb pastudiuara m\u00eb par\u00eb t\u00eb baladave shqiptare, si dhe u ofruan mund\u00ebsit\u00eb e bashk\u00ebpunimit dhe nxitjes s\u00eb studimeve krahasuese n\u00eb t\u00eb ardhmen me koleg\u00ebt nd\u00ebr komb\u00ebtar\u00eb.<\/div>\n","protected":false},"excerpt":{"rendered":"<p>Universiteti \u201cEqrem \u00c7abej\u201d i Gjirokastr\u00ebs ka qen\u00eb mikprit\u00ebs i Konferenc\u00ebs s\u00eb 50-t\u00eb Bot\u00ebrore t\u00eb Baladave organizuar nga Komisioni Nd\u00ebrkomb\u00ebtar i Baladave (KfV) dhe Akademia e Shkencave t\u00eb Shqip\u00ebris\u00eb n\u00eb Tiran\u00eb e Gjirokast\u00ebr me tem\u00eb \u201cBaladat dhe audienca n\u00eb koh\u00eb dhe hap\u00ebsir\u00eb\u201d. Mbi 60 studiues dhe k\u00ebrkues t\u00eb baladave nga universitetet dhe qendrat k\u00ebrkimore m\u00eb t\u00eb [&hellip;]<\/p>\n","protected":false},"author":5,"featured_media":49879,"comment_status":"open","ping_status":"open","sticky":false,"template":"","format":"video","meta":{"footnotes":""},"categories":[7520,6332],"tags":[],"class_list":{"0":"post-49877","1":"post","2":"type-post","3":"status-publish","4":"format-video","5":"has-post-thumbnail","7":"category-arsim","8":"category-te-fundit","9":"post_format-post-format-video"},"_links":{"self":[{"href":"https:\/\/jugulajm.net\/index.php?rest_route=\/wp\/v2\/posts\/49877","targetHints":{"allow":["GET"]}}],"collection":[{"href":"https:\/\/jugulajm.net\/index.php?rest_route=\/wp\/v2\/posts"}],"about":[{"href":"https:\/\/jugulajm.net\/index.php?rest_route=\/wp\/v2\/types\/post"}],"author":[{"embeddable":true,"href":"https:\/\/jugulajm.net\/index.php?rest_route=\/wp\/v2\/users\/5"}],"replies":[{"embeddable":true,"href":"https:\/\/jugulajm.net\/index.php?rest_route=%2Fwp%2Fv2%2Fcomments&post=49877"}],"version-history":[{"count":0,"href":"https:\/\/jugulajm.net\/index.php?rest_route=\/wp\/v2\/posts\/49877\/revisions"}],"wp:featuredmedia":[{"embeddable":true,"href":"https:\/\/jugulajm.net\/index.php?rest_route=\/wp\/v2\/media\/49879"}],"wp:attachment":[{"href":"https:\/\/jugulajm.net\/index.php?rest_route=%2Fwp%2Fv2%2Fmedia&parent=49877"}],"wp:term":[{"taxonomy":"category","embeddable":true,"href":"https:\/\/jugulajm.net\/index.php?rest_route=%2Fwp%2Fv2%2Fcategories&post=49877"},{"taxonomy":"post_tag","embeddable":true,"href":"https:\/\/jugulajm.net\/index.php?rest_route=%2Fwp%2Fv2%2Ftags&post=49877"}],"curies":[{"name":"wp","href":"https:\/\/api.w.org\/{rel}","templated":true}]}}