{"id":49410,"date":"2022-08-20T13:59:15","date_gmt":"2022-08-20T11:59:15","guid":{"rendered":"https:\/\/jugulajm.net\/?p=49410"},"modified":"2022-08-20T13:59:15","modified_gmt":"2022-08-20T11:59:15","slug":"sarande-arrestohet-22-vjecari-autori-i-7-vjedhjeve-emri","status":"publish","type":"post","link":"https:\/\/jugulajm.net\/?p=49410","title":{"rendered":"Sarand\u00eb\/ Arrestohet 22 vje\u00e7ari, autori i 7 vjedhjeve\/ EMRI"},"content":{"rendered":"<p>Sh\u00ebrbimet e Komisariatit t\u00eb Policis\u00eb Sarand\u00eb, n\u00eb bashk\u00ebpunim me Prokurorin\u00eb e Rrethit Gjyq\u00ebsor Sarand\u00eb, n\u00eb vijim t\u00eb pun\u00ebs p\u00ebr parandalimin e vjedhjeve, zbardhjen e atyre t\u00eb ndodhura m\u00eb par\u00eb dhe v\u00ebnien e autor\u00ebve para p\u00ebrgjegj\u00ebsis\u00eb penale, pas nj\u00eb pune t\u00eb mir\u00ebfillt\u00eb hetimore, organizuan dhe finalizuan me sukses operacionin policor t\u00eb koduar \u201cSeven\u201d.<\/p>\n<div class=\"wp-container-23 wp-block-columns\">\n<div class=\"wp-container-22 wp-block-column\">N\u00eb kuad\u00ebr t\u00eb k\u00ebtij operacioni, u b\u00eb ndalimi i shtetasit Elton Dauti 22 vje\u00e7, banues n\u00eb Konispol, pasi Gjykata e Rrethit Gjyq\u00ebsor Sarand\u00eb, me vendimin e dat\u00ebs 18.08.2022, i ka caktuar mas\u00ebn e siguris\u00eb \u201cArrest n\u00eb burg\u201d, p\u00ebr vepr\u00ebn penale \u201cVjedhja\u201d.<\/div>\n<\/div>\n<p>Nga veprimet hetimore dyshohet se ky shtetas \u00ebsht\u00eb autor i disa vjedhjeve t\u00eb ndodhura m\u00eb par\u00eb n\u00eb zonat e Vagalatit, Finiqit, Konispolit dhe Sarand\u00ebs, konkretisht:<\/p>\n<ol>\n<li>M\u00eb dat\u00eb 25.12.2021, n\u00eb fshatin Leshnic\u00eb e Poshtme, Finiq, dyshohet se ka vjedhur disa vegla pune, n\u00eb automjetin tip kamion\u00e7in\u00eb, n\u00eb pron\u00ebsi t\u00eb shtetasit K. L;<\/li>\n<li>M\u00eb dat\u00eb 12.01.2022, n\u00eb lagjen nr.2, Ksamil, Sarand\u00eb, dyshohet se ka vjedhur nj\u00eb shum\u00eb parash, n\u00eb kiosk\u00ebn e shtetases A. P;<\/li>\n<li>M\u00eb dat\u00eb 31.01.2022, n\u00eb lagjen \u201cRinia\u201d, Ksamil, Sarand\u00eb, dyshohet se ka vjedhur dy qen gjahu, n\u00eb banes\u00ebn e shtetases M. P;<\/li>\n<li>M\u00eb dat\u00eb 17.03.2022, n\u00eb fshatin \u00c7lirim, Finiq, dyshohet se ka vjedhur nj\u00eb bi\u00e7iklet\u00eb dhe nj\u00eb bateri makine, n\u00eb automjetin tip furgon, n\u00eb pron\u00ebsi t\u00eb shtetasit kanadez C. D;<\/li>\n<li>M\u00eb dat\u00eb 01.04.2022, n\u00eb fshatin Shal\u00ebs, Konispol, dyshohet se ka vjedhur nj\u00eb shum\u00eb parash, n\u00eb banes\u00ebn e shtetasit Xh. D.;<\/li>\n<li>M\u00eb dat\u00eb 24.05.2022, n\u00eb fshatin Vrion, Finiq, dyshohet se ka tentuar t\u00eb vjedh\u00eb magazin\u00ebn e shtetasit P. H.;<\/li>\n<li>M\u00eb dat\u00eb 10.08.2022, n\u00eb fshatin \u00c7iflik, Konispol, dyshohet se ka vjedhur 2 kondicioner\u00eb n\u00eb banes\u00ebn e shtetasit M. GJ.<\/li>\n<\/ol>\n<div class=\"wp-container-27 wp-block-columns\">\n<div class=\"wp-container-26 wp-block-column\">N\u00eb bashk\u00ebpunim me Prokurorin\u00eb, vijon puna p\u00ebr dokumentimin e vjedhjeve t\u00eb tjera q\u00eb dyshohet se ky shtetas ka kryer edhe n\u00eb disa banesa n\u00eb fshatin Vagalat, Finiq.<\/div>\n<\/div>\n","protected":false},"excerpt":{"rendered":"<p>Sh\u00ebrbimet e Komisariatit t\u00eb Policis\u00eb Sarand\u00eb, n\u00eb bashk\u00ebpunim me Prokurorin\u00eb e Rrethit Gjyq\u00ebsor Sarand\u00eb, n\u00eb vijim t\u00eb pun\u00ebs p\u00ebr parandalimin e vjedhjeve, zbardhjen e atyre t\u00eb ndodhura m\u00eb par\u00eb dhe v\u00ebnien e autor\u00ebve para p\u00ebrgjegj\u00ebsis\u00eb penale, pas nj\u00eb pune t\u00eb mir\u00ebfillt\u00eb hetimore, organizuan dhe finalizuan me sukses operacionin policor t\u00eb koduar \u201cSeven\u201d. N\u00eb kuad\u00ebr t\u00eb [&hellip;]<\/p>\n","protected":false},"author":5,"featured_media":38284,"comment_status":"open","ping_status":"open","sticky":false,"template":"","format":"standard","meta":{"footnotes":""},"categories":[1,6332],"tags":[19224],"class_list":{"0":"post-49410","1":"post","2":"type-post","3":"status-publish","4":"format-standard","5":"has-post-thumbnail","7":"category-aktualitet","8":"category-te-fundit","9":"tag-autori-i-7-vjedhjeve-emri"},"_links":{"self":[{"href":"https:\/\/jugulajm.net\/index.php?rest_route=\/wp\/v2\/posts\/49410","targetHints":{"allow":["GET"]}}],"collection":[{"href":"https:\/\/jugulajm.net\/index.php?rest_route=\/wp\/v2\/posts"}],"about":[{"href":"https:\/\/jugulajm.net\/index.php?rest_route=\/wp\/v2\/types\/post"}],"author":[{"embeddable":true,"href":"https:\/\/jugulajm.net\/index.php?rest_route=\/wp\/v2\/users\/5"}],"replies":[{"embeddable":true,"href":"https:\/\/jugulajm.net\/index.php?rest_route=%2Fwp%2Fv2%2Fcomments&post=49410"}],"version-history":[{"count":0,"href":"https:\/\/jugulajm.net\/index.php?rest_route=\/wp\/v2\/posts\/49410\/revisions"}],"wp:featuredmedia":[{"embeddable":true,"href":"https:\/\/jugulajm.net\/index.php?rest_route=\/"}],"wp:attachment":[{"href":"https:\/\/jugulajm.net\/index.php?rest_route=%2Fwp%2Fv2%2Fmedia&parent=49410"}],"wp:term":[{"taxonomy":"category","embeddable":true,"href":"https:\/\/jugulajm.net\/index.php?rest_route=%2Fwp%2Fv2%2Fcategories&post=49410"},{"taxonomy":"post_tag","embeddable":true,"href":"https:\/\/jugulajm.net\/index.php?rest_route=%2Fwp%2Fv2%2Ftags&post=49410"}],"curies":[{"name":"wp","href":"https:\/\/api.w.org\/{rel}","templated":true}]}}