{"id":49366,"date":"2022-08-19T08:11:35","date_gmt":"2022-08-19T06:11:35","guid":{"rendered":"https:\/\/jugulajm.net\/?p=49366"},"modified":"2022-08-19T08:11:35","modified_gmt":"2022-08-19T06:11:35","slug":"zenelaj-ne-shtepine-tone-e-ben-ligjin-nje-gjirokastrite","status":"publish","type":"post","link":"https:\/\/jugulajm.net\/?p=49366","title":{"rendered":"Zenelaj: N\u00eb sht\u00ebpin\u00eb ton\u00eb e b\u00ebn ligjin nj\u00eb gjirokastrite"},"content":{"rendered":"<p>Aktori dhe moderatori Gentian Zenelaj i ftuar n\u00eb emisionin \u201cPart Time\u201d me Rudina Dembacajn ka rr\u00ebfyer mjaft detaje nga jeta e tij personale. I pyetur nga moderatorja Dembacaj se kush e b\u00ebn ligjin n\u00eb sht\u00ebpin\u00eb\u00a0 e tyre, Gentian Zenelaj nuk ka ngurruar dhe e ka th\u00ebn\u00eb tro\u00e7 se \u201cligjin e b\u00ebn gruaja\u201d. Gjat\u00eb rr\u00ebfimit t\u00eb tij, Zenelaj ka treguar se si e kan\u00eb nisur jet\u00ebn s\u00eb bashku me bashk\u00ebshorten.<\/p>\n<p><strong>Rudina Dembacaj:<\/strong>\u00a0<em>Kush e b\u00ebn ligjin n\u00eb sht\u00ebpin\u00eb t\u00ebnd\u00eb, ti, Aida apo Aria?<\/em><\/p>\n<p><strong>Gentian Zenelaj:<\/strong><em>\u00a0N\u00eb sht\u00ebpin\u00eb ton\u00eb e b\u00ebn ligjin gruaja, e cila ka dashur Zoti q\u00eb t\u00eb ishte Aida, k\u00ebshtu q\u00eb gruaja.<\/em><\/p>\n<p><strong>Rudina Dembacaj:<\/strong>\u00a0<em>A \u00ebsht\u00eb koprrace si legjendat?<\/em><\/p>\n<p><strong>Gentian Zenelaj:<\/strong>\u00a0<em>Jo, nuk \u00ebsht\u00eb e v\u00ebrtet\u00eb. Gjirokastrit\u00ebt nuk jan\u00eb koprrac\u00eb.<\/em><\/p>\n<p><strong>Rudina Dembacaj:<\/strong>\u00a0<em>P\u00ebrshkruaje me 3 fjal\u00eb martes\u00ebn t\u00ebnde Gent.<\/em><\/p>\n<p><strong>Gentian Zenelaj:<\/strong>\u00a0<em>Martesa ime ka qen\u00eb nj\u00eb malore, malore, malore, jo n\u00eb aspektin e marr\u00ebdh\u00ebnies time me Aid\u00ebn, por realisht e kemi nisur me nj\u00eb sht\u00ebpi t\u00eb palyer, me mobilje t\u00eb koh\u00ebn s\u00eb Enverit dhe me nj\u00eb bi\u00e7iklet\u00eb. Ma beso q\u00eb \u00e7do gj\u00eb n\u00eb k\u00ebt\u00eb jet\u00eb e kam vendosur bashk\u00eb me Aid\u00ebn.<\/em><\/p>\n<p>\u201cPart Time\u201d n\u00eb Tv Klan e ka vendosur Gentian Zenelajn n\u00eb rolin e kamarierit, por mesa duket nuk \u00ebsht\u00eb hera e par\u00eb q\u00eb aktori dhe moderatori e ka provuar nj\u00eb eksperienc\u00eb t\u00eb till\u00eb. Zenelaj ka treguar se n\u00eb vitin 1997 ka punuar si kamerier n\u00eb nj\u00eb restorant n\u00eb Tiran\u00eb.<\/p>\n<p><strong>Rudina Dembacaj:<\/strong>\u00a0<em>Si t\u2019u duk eksperienca sot?<\/em><\/p>\n<p><strong>Gentian Zenelaj:<\/strong>\u00a0<em>Nj\u00eb mrekulli, n\u00eb krahasim me 97-\u00ebn kur un\u00eb punoja kamarier, gj\u00ebrat kan\u00eb ndryshuar shum\u00eb.<\/em><\/p>\n<p><strong>Rudina Dembacaj:<\/strong>\u00a0<em>Ku ke punuar kamarier n\u00eb 97-\u00ebn?<\/em><\/p>\n<p><strong>Gentian Zenelaj:<\/strong>\u00a0<em>N\u00eb Tiran\u00eb. Po vinin klientat me pistolet\u00eb n\u00eb tavolin\u00eb. Sot l\u00ebn\u00eb cigaret, at\u00ebher\u00eb linin pistolet\u00ebn.<\/em><\/p>\n<p><strong>Rudina Dembacaj:<\/strong>\u00a0<em>Ka pasur ndonj\u00eb rast q\u00eb t\u00eb kan\u00eb k\u00ebrc\u00ebnuar \u201c\u00e7far\u00eb lek\u00ebsh do ti mo\u201d?<\/em><\/p>\n<p><strong>Gentian Zenelaj:<\/strong>\u00a0<em>Jo, mund t\u00eb ikinin pa paguar, por ti i shaje pasi ato kishin ikur t\u00eb pakt\u00ebn 2 kilometra larg lokalit. Kan\u00eb qen\u00eb periudha shum\u00eb t\u00eb v\u00ebshtira p\u00ebr profesionin e kamarierit n\u00eb ato vite.<\/em><\/p>\n<p><strong>Rudina Dembacaj:<\/strong><em>\u00a0Sa vje\u00e7 ke qen\u00eb?<\/em><\/p>\n<p><strong>Gentian Zenelaj:<\/strong><em>\u00a020 vje\u00e7.<\/em><\/p>\n<p><strong>Rudina Dembacaj:<\/strong>\u00a0<em>Sa ke punuar kamarier?<\/em><\/p>\n<p><strong>Gentian Zenelaj:<\/strong>\u00a0<em>Kam punuar 1 ver\u00eb t\u00eb plot\u00eb t\u00eb tmerrshme n\u00eb Tiran\u00eb n\u00eb restorant<\/em>.<\/p>\n","protected":false},"excerpt":{"rendered":"<p>Aktori dhe moderatori Gentian Zenelaj i ftuar n\u00eb emisionin \u201cPart Time\u201d me Rudina Dembacajn ka rr\u00ebfyer mjaft detaje nga jeta e tij personale. I pyetur nga moderatorja Dembacaj se kush e b\u00ebn ligjin n\u00eb sht\u00ebpin\u00eb\u00a0 e tyre, Gentian Zenelaj nuk ka ngurruar dhe e ka th\u00ebn\u00eb tro\u00e7 se \u201cligjin e b\u00ebn gruaja\u201d. Gjat\u00eb rr\u00ebfimit t\u00eb [&hellip;]<\/p>\n","protected":false},"author":5,"featured_media":49367,"comment_status":"open","ping_status":"open","sticky":false,"template":"","format":"standard","meta":{"footnotes":""},"categories":[7665,6332],"tags":[],"class_list":{"0":"post-49366","1":"post","2":"type-post","3":"status-publish","4":"format-standard","5":"has-post-thumbnail","7":"category-art","8":"category-te-fundit"},"_links":{"self":[{"href":"https:\/\/jugulajm.net\/index.php?rest_route=\/wp\/v2\/posts\/49366","targetHints":{"allow":["GET"]}}],"collection":[{"href":"https:\/\/jugulajm.net\/index.php?rest_route=\/wp\/v2\/posts"}],"about":[{"href":"https:\/\/jugulajm.net\/index.php?rest_route=\/wp\/v2\/types\/post"}],"author":[{"embeddable":true,"href":"https:\/\/jugulajm.net\/index.php?rest_route=\/wp\/v2\/users\/5"}],"replies":[{"embeddable":true,"href":"https:\/\/jugulajm.net\/index.php?rest_route=%2Fwp%2Fv2%2Fcomments&post=49366"}],"version-history":[{"count":0,"href":"https:\/\/jugulajm.net\/index.php?rest_route=\/wp\/v2\/posts\/49366\/revisions"}],"wp:featuredmedia":[{"embeddable":true,"href":"https:\/\/jugulajm.net\/index.php?rest_route=\/wp\/v2\/media\/49367"}],"wp:attachment":[{"href":"https:\/\/jugulajm.net\/index.php?rest_route=%2Fwp%2Fv2%2Fmedia&parent=49366"}],"wp:term":[{"taxonomy":"category","embeddable":true,"href":"https:\/\/jugulajm.net\/index.php?rest_route=%2Fwp%2Fv2%2Fcategories&post=49366"},{"taxonomy":"post_tag","embeddable":true,"href":"https:\/\/jugulajm.net\/index.php?rest_route=%2Fwp%2Fv2%2Ftags&post=49366"}],"curies":[{"name":"wp","href":"https:\/\/api.w.org\/{rel}","templated":true}]}}