{"id":49329,"date":"2022-08-17T19:14:41","date_gmt":"2022-08-17T17:14:41","guid":{"rendered":"https:\/\/jugulajm.net\/?p=49329"},"modified":"2022-08-17T19:16:33","modified_gmt":"2022-08-17T17:16:33","slug":"lajm-i-fundit-vrasje-me-thike-ne-sarande","status":"publish","type":"post","link":"https:\/\/jugulajm.net\/?p=49329","title":{"rendered":"LAJM I FUNDIT\/ Vrasje me thik\u00eb n\u00eb Sarand\u00eb"},"content":{"rendered":"<p>Nj\u00eb ngjarje e r\u00ebnd\u00eb ka trondituar Sarand\u00ebn pasditen e k\u00ebsaj t\u00eb m\u00ebrkure. Nj\u00eb person \u00ebsht\u00eb vrar\u00eb me thik\u00eb pas nj\u00eb konflikti \u00e7asti<em><strong>.<\/strong><\/em><\/p>\n<p>Shkaqet dhe rrethanat e ngjarjes jan\u00eb ende t\u00eb paqarta nd\u00ebrsa autoritetet kan\u00eb nisur hetimet si dhe jan\u00eb v\u00ebn\u00eb n\u00eb k\u00ebrkim t\u00eb autorit.<\/p>\n<p><strong>Njoftimi i Policis\u00eb:<\/strong><\/p>\n<p>Sot, rreth or\u00ebs 18:30, n\u00eb lagjen Nr.1, Sarand\u00eb, dyshohet se gjat\u00eb nj\u00eb konflikti t\u00eb \u00e7astit, ka mbetur i d\u00ebmtuar me mjete prer\u00ebse nj\u00eb shtetas ende i paidentifikuar, i cili pasi \u00ebsht\u00eb transportuar n\u00eb spitalin e Sarand\u00ebs, si pasoj\u00eb e d\u00ebmtimeve t\u00eb marra ka nd\u00ebrruar jet\u00eb.<\/p>\n<p>Sh\u00ebrbimet e Policis\u00eb dhe grupi hetimor kan\u00eb shkuar menj\u00ebher\u00eb n\u00eb vendngjarje dhe po vijojn\u00eb pun\u00ebn intensive p\u00ebr zbardhjen e plot\u00eb t\u00eb rrethanave t\u00eb ngjarjes, identifikimin dhe kapjen e autorit si dhe identifikimin e shtetasit q\u00eb ka nd\u00ebrruar jet\u00eb.<\/p>\n","protected":false},"excerpt":{"rendered":"<p>Nj\u00eb ngjarje e r\u00ebnd\u00eb ka trondituar Sarand\u00ebn pasditen e k\u00ebsaj t\u00eb m\u00ebrkure. Nj\u00eb person \u00ebsht\u00eb vrar\u00eb me thik\u00eb pas nj\u00eb konflikti \u00e7asti. Shkaqet dhe rrethanat e ngjarjes jan\u00eb ende t\u00eb paqarta nd\u00ebrsa autoritetet kan\u00eb nisur hetimet si dhe jan\u00eb v\u00ebn\u00eb n\u00eb k\u00ebrkim t\u00eb autorit. Njoftimi i Policis\u00eb: Sot, rreth or\u00ebs 18:30, n\u00eb lagjen Nr.1, Sarand\u00eb, [&hellip;]<\/p>\n","protected":false},"author":5,"featured_media":38285,"comment_status":"open","ping_status":"open","sticky":false,"template":"","format":"standard","meta":{"footnotes":""},"categories":[1,6332],"tags":[],"class_list":{"0":"post-49329","1":"post","2":"type-post","3":"status-publish","4":"format-standard","5":"has-post-thumbnail","7":"category-aktualitet","8":"category-te-fundit"},"_links":{"self":[{"href":"https:\/\/jugulajm.net\/index.php?rest_route=\/wp\/v2\/posts\/49329","targetHints":{"allow":["GET"]}}],"collection":[{"href":"https:\/\/jugulajm.net\/index.php?rest_route=\/wp\/v2\/posts"}],"about":[{"href":"https:\/\/jugulajm.net\/index.php?rest_route=\/wp\/v2\/types\/post"}],"author":[{"embeddable":true,"href":"https:\/\/jugulajm.net\/index.php?rest_route=\/wp\/v2\/users\/5"}],"replies":[{"embeddable":true,"href":"https:\/\/jugulajm.net\/index.php?rest_route=%2Fwp%2Fv2%2Fcomments&post=49329"}],"version-history":[{"count":0,"href":"https:\/\/jugulajm.net\/index.php?rest_route=\/wp\/v2\/posts\/49329\/revisions"}],"wp:featuredmedia":[{"embeddable":true,"href":"https:\/\/jugulajm.net\/index.php?rest_route=\/"}],"wp:attachment":[{"href":"https:\/\/jugulajm.net\/index.php?rest_route=%2Fwp%2Fv2%2Fmedia&parent=49329"}],"wp:term":[{"taxonomy":"category","embeddable":true,"href":"https:\/\/jugulajm.net\/index.php?rest_route=%2Fwp%2Fv2%2Fcategories&post=49329"},{"taxonomy":"post_tag","embeddable":true,"href":"https:\/\/jugulajm.net\/index.php?rest_route=%2Fwp%2Fv2%2Ftags&post=49329"}],"curies":[{"name":"wp","href":"https:\/\/api.w.org\/{rel}","templated":true}]}}