{"id":49287,"date":"2022-08-16T13:59:53","date_gmt":"2022-08-16T11:59:53","guid":{"rendered":"https:\/\/jugulajm.net\/?p=49287"},"modified":"2022-08-16T13:59:53","modified_gmt":"2022-08-16T11:59:53","slug":"kanosi-policin-gjate-detyres-prangoset-ne-dervican-38-vjecari-gjirokastrit","status":"publish","type":"post","link":"https:\/\/jugulajm.net\/?p=49287","title":{"rendered":"Kanosi policin gjat\u00eb detyr\u00ebs, prangoset n\u00eb Dervi\u00e7an 38-vje\u00e7ari gjirokastrit"},"content":{"rendered":"<p>Kanosi p\u00ebr shkak t\u00eb detyr\u00ebs punonj\u00ebsin e Policis\u00eb, si dhe gjat\u00eb kontrollit fizik iu gjet nj\u00eb mjet prer\u00ebs (thik\u00eb), arrestohet n\u00eb flagranc\u00eb 38-vje\u00e7ari.<\/p>\n<p><strong>Njoftimi i policis\u00eb:<\/strong><\/p>\n<p>Specialist\u00ebt e Seksionit p\u00ebr Hetimin e Krimeve n\u00eb Komisariatin e Policis\u00eb Gjirokast\u00ebr arrestuan n\u00eb flagranc\u00eb shtetasin I. O., 38 vje\u00e7, banues n\u00eb Gjirokast\u00ebr.<\/p>\n<p>Ky shtetas m\u00eb dat\u00eb 15.08.2022, n\u00eb fshatin Dervi\u00e7an, Gjirokast\u00ebr, ka kanosur p\u00ebr shkak t\u00eb detyr\u00ebs punonj\u00ebsin e Policis\u00eb, shtetasin H. H., pasi punonj\u00ebsi i Policis\u00eb, n\u00eb zbatim t\u00eb detyrave funksionale, ka referuar materialet n\u00eb Prokurori n\u00eb ngarkim t\u00eb v\u00ebllait t\u00eb 38-vje\u00e7arit, i cili ishte kapur m\u00eb par\u00eb nga sh\u00ebrbimet e Policis\u00eb me nj\u00eb sasi t\u00eb vog\u00ebl l\u00ebnde narkotike kanabis.<\/p>\n<p>Sh\u00ebrbimet e Policis\u00eb, gjat\u00eb kontrollit fizik t\u00eb shtetasit I. O., gjet\u00ebn dhe sekuestruan n\u00eb cil\u00ebsin\u00eb e prov\u00ebs materiale, nj\u00eb mjet prer\u00ebs (thik\u00eb).<\/p>\n<p>Materialet i kaluan Prokuroris\u00eb pran\u00eb Gjykat\u00ebs s\u00eb Shkall\u00ebs s\u00eb Par\u00eb Gjirokast\u00ebr, p\u00ebr veprat penale &#8220;Kanosja p\u00ebr shkak t\u00eb detyr\u00ebs&#8221; dhe &#8220;Prodhimi, mbajtja, blerja apo shitja pa leje e arm\u00ebve t\u00eb ftohta&#8221;.<\/p>\n","protected":false},"excerpt":{"rendered":"<p>Kanosi p\u00ebr shkak t\u00eb detyr\u00ebs punonj\u00ebsin e Policis\u00eb, si dhe gjat\u00eb kontrollit fizik iu gjet nj\u00eb mjet prer\u00ebs (thik\u00eb), arrestohet n\u00eb flagranc\u00eb 38-vje\u00e7ari. Njoftimi i policis\u00eb: Specialist\u00ebt e Seksionit p\u00ebr Hetimin e Krimeve n\u00eb Komisariatin e Policis\u00eb Gjirokast\u00ebr arrestuan n\u00eb flagranc\u00eb shtetasin I. O., 38 vje\u00e7, banues n\u00eb Gjirokast\u00ebr. Ky shtetas m\u00eb dat\u00eb 15.08.2022, n\u00eb [&hellip;]<\/p>\n","protected":false},"author":5,"featured_media":39466,"comment_status":"open","ping_status":"open","sticky":false,"template":"","format":"standard","meta":{"footnotes":""},"categories":[1,6332],"tags":[],"class_list":{"0":"post-49287","1":"post","2":"type-post","3":"status-publish","4":"format-standard","5":"has-post-thumbnail","7":"category-aktualitet","8":"category-te-fundit"},"_links":{"self":[{"href":"https:\/\/jugulajm.net\/index.php?rest_route=\/wp\/v2\/posts\/49287","targetHints":{"allow":["GET"]}}],"collection":[{"href":"https:\/\/jugulajm.net\/index.php?rest_route=\/wp\/v2\/posts"}],"about":[{"href":"https:\/\/jugulajm.net\/index.php?rest_route=\/wp\/v2\/types\/post"}],"author":[{"embeddable":true,"href":"https:\/\/jugulajm.net\/index.php?rest_route=\/wp\/v2\/users\/5"}],"replies":[{"embeddable":true,"href":"https:\/\/jugulajm.net\/index.php?rest_route=%2Fwp%2Fv2%2Fcomments&post=49287"}],"version-history":[{"count":0,"href":"https:\/\/jugulajm.net\/index.php?rest_route=\/wp\/v2\/posts\/49287\/revisions"}],"wp:featuredmedia":[{"embeddable":true,"href":"https:\/\/jugulajm.net\/index.php?rest_route=\/"}],"wp:attachment":[{"href":"https:\/\/jugulajm.net\/index.php?rest_route=%2Fwp%2Fv2%2Fmedia&parent=49287"}],"wp:term":[{"taxonomy":"category","embeddable":true,"href":"https:\/\/jugulajm.net\/index.php?rest_route=%2Fwp%2Fv2%2Fcategories&post=49287"},{"taxonomy":"post_tag","embeddable":true,"href":"https:\/\/jugulajm.net\/index.php?rest_route=%2Fwp%2Fv2%2Ftags&post=49287"}],"curies":[{"name":"wp","href":"https:\/\/api.w.org\/{rel}","templated":true}]}}