{"id":49274,"date":"2022-08-16T10:39:43","date_gmt":"2022-08-16T08:39:43","guid":{"rendered":"https:\/\/jugulajm.net\/?p=49274"},"modified":"2022-08-16T10:45:29","modified_gmt":"2022-08-16T08:45:29","slug":"futboll-bylysi-i-beson-stolin-nje-gjirokastriti-arjan-bellait","status":"publish","type":"post","link":"https:\/\/jugulajm.net\/?p=49274","title":{"rendered":"Futboll\/ &#8216;Bylisi&#8217; i beson stolin nj\u00eb gjirokastriti, Arjan Bellait"},"content":{"rendered":"<p>Nje jave para fillimit te Superliges Shqiptare te Futbollit, ballshiotet e &#8216;Bylisit&#8217; i besojne stolin e trajnerit gjirokastritit te suksesshem Arjan Bellait.<\/p>\n<p>Ish-mesfushori i Komb\u00ebtares Shqiptare, Arjan Bellai, vjen pas nj\u00eb eksperience t\u00eb suksesshme n\u00eb Greqi n\u00ebn drejtimin e skuadrave si Apollon Larisa dhe Kallamata.<\/p>\n<p>Me t\u00eb par\u00ebn iu afrua ngjitjes n\u00eb Superlig\u00ebn greke n\u00eb sezonin 2019-2020, nd\u00ebrsa deri n\u00eb muajin mars t\u00eb k\u00ebtij viti ka qen\u00eb n\u00eb krye t\u00eb Kallamat\u00ebs, nj\u00eb klub me em\u00ebr n\u00eb shtetin fqinj. Bellai e ka nisur karrier\u00ebn si trajner n\u00eb vitin 2014 te skuadra e vendlindjes, Luft\u00ebtari.<\/p>\n<p>M\u00eb pas FSHF-ja e em\u00ebroi n\u00eb krye t\u00eb Komb\u00ebtares U-19, ku q\u00ebndroi p\u00ebr rreth 2 vite. Sot gjirokastriti do t\u00eb b\u00ebj\u00eb prezantimin n\u00eb Ballsh, nd\u00ebrsa me vete ka marr\u00eb edhe nj\u00eb ndihm\u00ebs nga Greqia, pik\u00ebrisht Konstantinos Mihailidhis, i cili ka qen\u00eb deri pak koh\u00eb m\u00eb par\u00eb n\u00eb stafin e Skoda Ksanthit.<\/p>\n<p>Ky i fundit do t\u00eb b\u00ebj\u00eb nj\u00ebkoh\u00ebsisht edhe rolin e p\u00ebrgatit\u00ebsit atletik. Debutimi i Bellait \u00ebsht\u00eb t\u00eb diel\u00ebn n\u00eb Ballsh kund\u00ebr Kastriotit.<\/p>\n","protected":false},"excerpt":{"rendered":"<p>Nje jave para fillimit te Superliges Shqiptare te Futbollit, ballshiotet e &#8216;Bylisit&#8217; i besojne stolin e trajnerit gjirokastritit te suksesshem Arjan Bellait. Ish-mesfushori i Komb\u00ebtares Shqiptare, Arjan Bellai, vjen pas nj\u00eb eksperience t\u00eb suksesshme n\u00eb Greqi n\u00ebn drejtimin e skuadrave si Apollon Larisa dhe Kallamata. Me t\u00eb par\u00ebn iu afrua ngjitjes n\u00eb Superlig\u00ebn greke n\u00eb [&hellip;]<\/p>\n","protected":false},"author":5,"featured_media":49275,"comment_status":"open","ping_status":"open","sticky":false,"template":"","format":"standard","meta":{"footnotes":""},"categories":[6334,6332],"tags":[19174,19173],"class_list":{"0":"post-49274","1":"post","2":"type-post","3":"status-publish","4":"format-standard","5":"has-post-thumbnail","7":"category-sport","8":"category-te-fundit","9":"tag-arjan-bellai","10":"tag-arjan-bellait"},"_links":{"self":[{"href":"https:\/\/jugulajm.net\/index.php?rest_route=\/wp\/v2\/posts\/49274","targetHints":{"allow":["GET"]}}],"collection":[{"href":"https:\/\/jugulajm.net\/index.php?rest_route=\/wp\/v2\/posts"}],"about":[{"href":"https:\/\/jugulajm.net\/index.php?rest_route=\/wp\/v2\/types\/post"}],"author":[{"embeddable":true,"href":"https:\/\/jugulajm.net\/index.php?rest_route=\/wp\/v2\/users\/5"}],"replies":[{"embeddable":true,"href":"https:\/\/jugulajm.net\/index.php?rest_route=%2Fwp%2Fv2%2Fcomments&post=49274"}],"version-history":[{"count":0,"href":"https:\/\/jugulajm.net\/index.php?rest_route=\/wp\/v2\/posts\/49274\/revisions"}],"wp:featuredmedia":[{"embeddable":true,"href":"https:\/\/jugulajm.net\/index.php?rest_route=\/wp\/v2\/media\/49275"}],"wp:attachment":[{"href":"https:\/\/jugulajm.net\/index.php?rest_route=%2Fwp%2Fv2%2Fmedia&parent=49274"}],"wp:term":[{"taxonomy":"category","embeddable":true,"href":"https:\/\/jugulajm.net\/index.php?rest_route=%2Fwp%2Fv2%2Fcategories&post=49274"},{"taxonomy":"post_tag","embeddable":true,"href":"https:\/\/jugulajm.net\/index.php?rest_route=%2Fwp%2Fv2%2Ftags&post=49274"}],"curies":[{"name":"wp","href":"https:\/\/api.w.org\/{rel}","templated":true}]}}