{"id":49255,"date":"2022-08-15T17:27:14","date_gmt":"2022-08-15T15:27:14","guid":{"rendered":"https:\/\/jugulajm.net\/?p=49255"},"modified":"2022-08-15T17:27:14","modified_gmt":"2022-08-15T15:27:14","slug":"shehu-epoka-e-protestave-ka-nisur","status":"publish","type":"post","link":"https:\/\/jugulajm.net\/?p=49255","title":{"rendered":"Shehu: Epoka e protestave ka nisur"},"content":{"rendered":"<p>Deputeti i Partis\u00eb Demokratike per Qarkun Gjirokaster, Tritan Shehu, ka reaguar n\u00eb lidhje me projektin p\u00ebr nd\u00ebrtimin e portit t\u00eb Durr\u00ebsit, nd\u00ebrsa pohoi se afera t\u00eb tilla godasin ekonomin\u00eb e vendit.<\/p>\n<p>N\u00eb nj\u00eb lidhje p\u00ebrmes skype p\u00ebr News24 Shehu tha se kjo afer\u00eb sipas tij bie ndesh me parimet strategjike.<\/p>\n<p>Mes t\u00eb tjerash Shehu tha se ndihet nevoja e protestave.<\/p>\n<p>\u201cAfera t\u00eb tilla shkat\u00ebrrojn\u00eb, g\u00ebrryejn\u00eb stabilitetin e k\u00ebtij vendi. Si\u00e7 \u00ebsht\u00eb Afera e portit t\u00eb Durr\u00ebsit, q\u00eb bie ndesh me parimet strategjike, si an\u00ebtare e NATO-s. Qeveria fatkeq\u00ebsisht vazhdon k\u00ebt\u00eb loj\u00eb t\u00eb saj. Nuk merret askush me d\u00ebnimin ligjor, dhe me d\u00ebnimin e k\u00ebtyre aferave. Opozita \u00ebsht\u00eb ringjallur nga nj\u00eb heshtje, ka marr\u00eb pozicionin e saj. Ndaj ngelet vet\u00ebm mobilizimi i njer\u00ebzve, si\u00e7 \u00ebsht\u00eb l\u00ebvizja e tyre. Protestat e tyre, v\u00ebnia n\u00eb l\u00ebvizje e tyre p\u00ebr t\u00eb krijuar at\u00eb p\u00ebrmbytje q\u00eb ka nevoj\u00eb vendi. Problemet kan\u00eb marr\u00eb p\u00ebrmasa t\u00eb tilla, mbrojtja e qytetar\u00ebve e t\u00eb drejt\u00ebs, \u00ebsht\u00eb pothuajse zero.\u201d, tha Shehu.<\/p>\n<p>Duke u ndalur te fakti se kur do t\u00eb nisin protestat, ai tha se epoka e tyre ka nisur.<\/p>\n<p>\u201cEpoka e tyre ka nisur. T\u00eb jeni t\u00eb bindur se do vazhdojn\u00eb me mobilizime t\u00eb m\u00ebdha t\u00eb opinionit publik. Ky \u00ebsht\u00eb nj\u00eb regjim q\u00eb nuk p\u00ebrmbyset me vot\u00eb, por me protesta. Kjo \u00ebsht\u00eb me r\u00ebnd\u00ebsi dhe kemi nj\u00eb sinkron mes forcave opozitare dhe PD dhe Partis\u00eb S\u00eb Liris\u00eb dhe forcave t\u00eb tjera, q\u00eb kan\u00eb nj\u00eb q\u00ebllim, t\u00eb shp\u00ebtojn\u00eb Shqip\u00ebrin\u00eb nga ky regjim. P\u00ebr ringjalljen e shpres\u00ebs, q\u00eb t\u00eb ndaloj\u00eb kjo zbrazje e vendit. \u00cbsht\u00eb katastrof\u00eb p\u00ebr k\u00ebt\u00eb vend q\u00eb rrezikon mosekzistenc\u00ebn e vet\u00eb, p\u00ebr shkak t\u00eb largimit.\u201d, pohoi mes t\u00eb tjerash Shehu.<\/p>\n","protected":false},"excerpt":{"rendered":"<p>Deputeti i Partis\u00eb Demokratike per Qarkun Gjirokaster, Tritan Shehu, ka reaguar n\u00eb lidhje me projektin p\u00ebr nd\u00ebrtimin e portit t\u00eb Durr\u00ebsit, nd\u00ebrsa pohoi se afera t\u00eb tilla godasin ekonomin\u00eb e vendit. N\u00eb nj\u00eb lidhje p\u00ebrmes skype p\u00ebr News24 Shehu tha se kjo afer\u00eb sipas tij bie ndesh me parimet strategjike. Mes t\u00eb tjerash Shehu tha [&hellip;]<\/p>\n","protected":false},"author":5,"featured_media":49256,"comment_status":"open","ping_status":"open","sticky":false,"template":"","format":"standard","meta":{"footnotes":""},"categories":[6326,6332],"tags":[],"class_list":{"0":"post-49255","1":"post","2":"type-post","3":"status-publish","4":"format-standard","5":"has-post-thumbnail","7":"category-politike","8":"category-te-fundit"},"_links":{"self":[{"href":"https:\/\/jugulajm.net\/index.php?rest_route=\/wp\/v2\/posts\/49255","targetHints":{"allow":["GET"]}}],"collection":[{"href":"https:\/\/jugulajm.net\/index.php?rest_route=\/wp\/v2\/posts"}],"about":[{"href":"https:\/\/jugulajm.net\/index.php?rest_route=\/wp\/v2\/types\/post"}],"author":[{"embeddable":true,"href":"https:\/\/jugulajm.net\/index.php?rest_route=\/wp\/v2\/users\/5"}],"replies":[{"embeddable":true,"href":"https:\/\/jugulajm.net\/index.php?rest_route=%2Fwp%2Fv2%2Fcomments&post=49255"}],"version-history":[{"count":0,"href":"https:\/\/jugulajm.net\/index.php?rest_route=\/wp\/v2\/posts\/49255\/revisions"}],"wp:featuredmedia":[{"embeddable":true,"href":"https:\/\/jugulajm.net\/index.php?rest_route=\/wp\/v2\/media\/49256"}],"wp:attachment":[{"href":"https:\/\/jugulajm.net\/index.php?rest_route=%2Fwp%2Fv2%2Fmedia&parent=49255"}],"wp:term":[{"taxonomy":"category","embeddable":true,"href":"https:\/\/jugulajm.net\/index.php?rest_route=%2Fwp%2Fv2%2Fcategories&post=49255"},{"taxonomy":"post_tag","embeddable":true,"href":"https:\/\/jugulajm.net\/index.php?rest_route=%2Fwp%2Fv2%2Ftags&post=49255"}],"curies":[{"name":"wp","href":"https:\/\/api.w.org\/{rel}","templated":true}]}}