{"id":49213,"date":"2022-08-13T20:05:19","date_gmt":"2022-08-13T18:05:19","guid":{"rendered":"https:\/\/jugulajm.net\/?p=49213"},"modified":"2022-08-13T20:05:19","modified_gmt":"2022-08-13T18:05:19","slug":"next-e-go-mobile-kompania-gjermane-e-makinave-elektrike-nis-ndertimin-e-fabrikes-ne-tetove","status":"publish","type":"post","link":"https:\/\/jugulajm.net\/?p=49213","title":{"rendered":"NEXT.E.GO MOBILE, kompania gjermane e makinave elektrike, nis nd\u00ebrtimin e fabrik\u00ebs n\u00eb Tetov\u00eb"},"content":{"rendered":"<p>Kompania gjermane e prodhimit t\u00eb makinave elektrike Next.e.GO Mobile nisi sot nd\u00ebrtimin e fabrik\u00ebs s\u00eb tret\u00eb t\u00eb saj n\u00eb Maqedonin\u00eb e Veriut. Prodhuesi gjerman i automjeteve elektrike dhe inovative, pron\u00eb e familjes s\u00eb biznesmenit dhe filantropit Lazim Destani, vendosi gurin e themelit n\u00eb Tetov\u00eb, konkretisht n\u00eb Zon\u00ebn e Lir\u00eb Ekonomike, ku dhe u n\u00ebnshkrua marr\u00ebveshja zyrtare me Qeverin\u00eb e Maqedonis\u00eb s\u00eb Veriut, duke e futur k\u00ebt\u00eb shtet n\u00eb hart\u00ebn e prodhimit bot\u00ebror t\u00eb k\u00ebtyre automjeteve.<\/p>\n<p>Ky investim i nj\u00ebr\u00ebs prej kompanive pron\u00eb e tij, p\u00ebrkoi dhe me 50-vjetorin e emigrimit p\u00ebr her\u00eb t\u00eb par\u00eb n\u00eb Gjermani t\u00eb Z.Destani, i cili n\u00eb fjal\u00ebn e tij tha se, tashm\u00eb me k\u00ebt\u00eb investim por edhe t\u00eb tjera n\u00eb vijim, b\u00ebjm\u00eb q\u00eb t\u00eb rinjt\u00eb tan\u00eb t\u00eb mos largohet nga vendi i tyre, por edhe nj\u00eb pjes\u00eb e t\u00eb tjer\u00ebve q\u00eb kan\u00eb studiuar n\u00eb vende t\u00eb ndryshme t\u00eb BE mund t\u00eb kthehen.<\/p>\n<p>N\u00eb ceremonin\u00eb e vendosjes s\u00eb gurit t\u00eb themelit t\u00eb fabrik\u00ebs q\u00eb do t\u00eb p\u00ebrfundoj\u00eb n\u00eb mesin e vitit 2022 dhe q\u00eb n\u00eb faz\u00ebn e par\u00eb do t\u00eb njoh\u00eb nj\u00eb investim prej 130 milion\u00eb eurosh dhe do t\u00eb pun\u00ebsoj\u00eb rreth 1000 persona, merrnin pjes\u00eb Kryeministri i Republik\u00ebs s\u00eb Maqedonis\u00eb s\u00eb Veriut, Dimitar Kova\u00e7evski, Kryetari i Kuvendit, Talat Xhaferri, Kryetari i BDI-s\u00eb, Ali Ahmeti, Ministri i Financave t\u00eb Maqedonis\u00eb, Fatmir Besimi, ai i Ekonomis\u00eb, Kreshnik Bekteshi, Drejtori i P\u00ebrgjithsh\u00ebm dhe Drejtori i Zyr\u00ebs s\u00eb Financave, t\u00eb Next.e.GO Mobile, respektivisht Ali Vezvaei dhe Eelco Van Der Leji, si dhe p\u00ebrfaq\u00ebsues nga Diaspora, zyrtar\u00eb t\u00eb tjer\u00eb nga Maqedonia e Kosova e qindra t\u00eb ftuar nga familja Destani.<\/p>\n<p>Lazim Destani, nj\u00ebher\u00ebsh Kryetar i Bordit Mbikqyr\u00ebs t\u00eb kompanive t\u00eb grupit t\u00eb bisnezeve, tha se, \u201cky projekt nuk \u00ebsht\u00eb investimi yn\u00eb i par\u00eb n\u00eb Maqedonin\u00eb e Veriut dhe rajonin ton\u00eb, por gjithsesi \u00ebsht\u00eb investimi yn\u00eb m\u00eb i ve\u00e7ant\u00eb deri m\u00eb tani. Arsyeja q\u00eb m\u00eb g\u00ebzon m\u00eb s\u00eb shumti \u00ebsht\u00eb fakti q\u00eb n\u00eb k\u00ebt\u00eb fabrik\u00eb do t\u00eb pun\u00ebsohen shum\u00eb t\u00eb rinj e t\u00eb reja\u201d.<\/p>\n<ul id=\"photobox-gallery-1\" class=\"thumbnails photobox-gallery gallery gallery-columns-3\">\n<li><a class=\"thumbnail\" href=\"https:\/\/alert.al\/wp-content\/uploads\/2022\/08\/IMG_7713-scaled.jpg\"><img loading=\"lazy\" loading=\"lazy\" decoding=\"async\" class=\"attachment-large size-large\" src=\"https:\/\/alert.al\/wp-content\/uploads\/2022\/08\/IMG_7713-1024x683.jpg\" sizes=\"auto, (max-width: 940px) 100vw, 940px\" srcset=\"https:\/\/alert.al\/wp-content\/uploads\/2022\/08\/IMG_7713-1024x683.jpg 1024w, https:\/\/alert.al\/wp-content\/uploads\/2022\/08\/IMG_7713-300x200.jpg 300w, https:\/\/alert.al\/wp-content\/uploads\/2022\/08\/IMG_7713-768x512.jpg 768w, https:\/\/alert.al\/wp-content\/uploads\/2022\/08\/IMG_7713-1536x1024.jpg 1536w, https:\/\/alert.al\/wp-content\/uploads\/2022\/08\/IMG_7713-2048x1365.jpg 2048w\" alt=\"\" width=\"940\" height=\"627\" \/><\/a><\/li>\n<li><a class=\"thumbnail\" href=\"https:\/\/alert.al\/wp-content\/uploads\/2022\/08\/WhatsApp-Image-2022-08-13-at-6.45.06-PM.jpeg\"><img loading=\"lazy\" loading=\"lazy\" decoding=\"async\" class=\"attachment-large size-large\" src=\"https:\/\/alert.al\/wp-content\/uploads\/2022\/08\/WhatsApp-Image-2022-08-13-at-6.45.06-PM.jpeg\" sizes=\"auto, (max-width: 940px) 100vw, 940px\" srcset=\"https:\/\/alert.al\/wp-content\/uploads\/2022\/08\/WhatsApp-Image-2022-08-13-at-6.45.06-PM.jpeg 1024w, https:\/\/alert.al\/wp-content\/uploads\/2022\/08\/WhatsApp-Image-2022-08-13-at-6.45.06-PM-300x169.jpeg 300w, https:\/\/alert.al\/wp-content\/uploads\/2022\/08\/WhatsApp-Image-2022-08-13-at-6.45.06-PM-768x432.jpeg 768w\" alt=\"\" width=\"940\" height=\"529\" \/><\/a><\/li>\n<li><a class=\"thumbnail\" href=\"https:\/\/alert.al\/wp-content\/uploads\/2022\/08\/IMG_7857-scaled.jpg\"><img loading=\"lazy\" loading=\"lazy\" decoding=\"async\" class=\"attachment-large size-large\" src=\"https:\/\/alert.al\/wp-content\/uploads\/2022\/08\/IMG_7857-1024x683.jpg\" sizes=\"auto, (max-width: 940px) 100vw, 940px\" srcset=\"https:\/\/alert.al\/wp-content\/uploads\/2022\/08\/IMG_7857-1024x683.jpg 1024w, https:\/\/alert.al\/wp-content\/uploads\/2022\/08\/IMG_7857-300x200.jpg 300w, https:\/\/alert.al\/wp-content\/uploads\/2022\/08\/IMG_7857-768x512.jpg 768w, https:\/\/alert.al\/wp-content\/uploads\/2022\/08\/IMG_7857-1536x1024.jpg 1536w, https:\/\/alert.al\/wp-content\/uploads\/2022\/08\/IMG_7857-2048x1365.jpg 2048w\" alt=\"\" width=\"940\" height=\"627\" \/><\/a><\/li>\n<\/ul>\n<p>Nd\u00ebrsa p\u00ebr Maqedonin\u00eb e Veriut, data e inaugurimit t\u00eb punimeve p\u00ebr ngritjen e k\u00ebsaj fabrike n\u00eb Tetov\u00eb p\u00ebrkon me 21-vjetorin e Marr\u00ebveshies s\u00eb Ohrit, p\u00ebr familjen Destani, ky vit ka edhe nj\u00eb tjet\u00ebr simbolik\u00eb dhe kuptim.<\/p>\n<p>\u201cSi sot para 50 vitesh mora rrug\u00ebn e m\u00ebrgimit drejt Gjermanis\u00eb p\u00ebr m\u00eb shum\u00eb mund\u00ebsi pune, e sot ndihem shum\u00eb i lumtur q\u00eb po sjellim mund\u00ebsit\u00eb e Gjermanis\u00eb k\u00ebtu\u201d, theksoi Z.Destani n\u00eb fjal\u00ebn e tij, duke shtuar se, \u201cashtu si\u00e7 e kam p\u00ebrmendur, po e p\u00ebrs\u00ebris edhe me k\u00ebt\u00eb rast se afarist\u00ebt, sidomos investitor\u00ebt nga diaspora, e kan\u00eb p\u00ebr obligim t\u00eb realizojn\u00eb investime n\u00eb rajonin ton\u00eb.\u00a0 Andaj le t\u00eb punojm\u00eb edhe m\u00eb shum\u00eb p\u00ebr ta mbajtur rinin\u00eb ton\u00eb k\u00ebtu\u201d.<\/p>\n<p>\u201cDita e sotme p\u00ebr mua \u00ebsht\u00eb nj\u00eb dit\u00eb historike. \u00cbsht\u00eb e k\u00ebtill\u00eb, pasi biznesi yn\u00eb e sjell edhe k\u00ebtu nj\u00eb industri inovative si kjo e prodhimit t\u00eb makinave elektrike, makinat e s\u00eb ardhmes. N\u00eb takimet periodike, gjithmon\u00eb i kam k\u00ebrkuar bordit t\u00eb kompanive dhe grupeve tona t\u00eb biznesit, q\u00eb investimet n\u00eb trojet tona t\u00eb jen\u00eb largpam\u00ebse, t\u00eb mos krijojm\u00eb konkurenc\u00eb, por t\u00eb sjellim risi, t\u2019i sh\u00ebrbejm\u00eb t\u00eb ardhmes dhe q\u00ebndrueshm\u00ebris\u00eb\u201d, tha Destani, duke mos e fshehur as lumturin\u00eb dhe krenarin\u00eb p\u00ebr djemt\u00eb q\u00eb drejtojn\u00eb bizneset tashm\u00eb nd\u00ebrkomb\u00ebtare e t\u00eb suksesshme n\u00eb t\u00eb gjith\u00eb bot\u00ebn. \u201cBashk\u00ebshortja ime, Rasimja, dhe un\u00eb ndihemi t\u00eb lumtur q\u00eb edukimi dhe porosit\u00eb tona kan\u00eb z\u00ebn\u00eb vend tek djemt\u00eb tan\u00eb dhe me veprat e tyre na b\u00ebjn\u00eb shum\u00eb krenar, sidomos me p\u00ebrkushtimin e tyre ndaj vendlindjes\u201d, tha Destani, i cili nuk la pa p\u00ebrmendur e fal\u00ebnderuar \u201cgjith\u00eb ekipin ton\u00eb q\u00eb punon p\u00ebr k\u00ebt\u00eb projekt, si dhe autoritetet zyrtare t\u00eb vendit p\u00ebr mb\u00ebshtetjen pa rezerv\u00eb\u201d.<\/p>\n<p>Kryeministri i Maqedonis\u00eb s\u00eb Veriut, Dimitar Kova\u00e7evski, i cili n\u00ebnshkroi dhe marr\u00ebveshjen e bashk\u00ebpunimit me Next.e.GO Mobile p\u00ebr nd\u00ebrtimin e fabrik\u00ebs n\u00eb Zon\u00ebn e Lir\u00eb Ekonomike n\u00eb Tetov\u00eb, shprehu k\u00ebnaq\u00ebsin\u00eb\u00a0 e tij p\u00ebr nj\u00eb investim kaq t\u00eb madh n\u00eb k\u00ebt\u00eb shtet, i cili sipas tij, do t\u2019i sjell\u00eb vendit mund\u00ebsi pun\u00ebsimi p\u00ebr rinin\u00eb, si dhe \u00ebsht\u00eb nj\u00eb mund\u00ebsi e mir\u00eb, pasi do t\u2019i sh\u00ebrbej\u00eb dhe p\u00ebrshpejtimit p\u00ebr integrimin n\u00eb Bashkimin Europian. \u201cMe k\u00ebt\u00eb investim, i cili q\u00eb n\u00eb faz\u00ebn e par\u00eb \u00ebsht\u00eb 130 milion\u00eb euro, konfirmojm\u00eb se Maqedonia e Veriut \u00ebsht\u00eb nj\u00eb shtet i q\u00ebndruesh\u00ebm, i besuesh\u00ebm dhe vendi i duhur p\u00ebr investime. Deri tani kemi pasur kompani q\u00eb kan\u00eb prodhuar pjes\u00eb t\u00eb ndryshme makinash, por E.Go \u00ebsht\u00eb makina e par\u00eb q\u00eb do t\u00eb prodhohet e plot\u00eb k\u00ebtu. Kjo b\u00ebn, q\u00eb ve\u00e7 fabrik\u00ebs, do t\u00eb ket\u00eb efekt edhe n\u00eb sh\u00ebrbimet zinxhir, duke e rritur e forcuar ekonomin\u00eb ton\u00eb\u201d, tha Kova\u00e7esvki, i cili falenderoi dhe familjen Destani, q\u00eb vendosi t\u00eb nd\u00ebrtoj\u00eb fabrik\u00ebn e tret\u00eb n\u00eb Maqedoni e konkretisht n\u00eb Tetov\u00eb, pas dy t\u00eb tjerave, asaj kryesore n\u00eb Gjermani dhe t\u00eb dyt\u00ebs n\u00eb Bullgari.<\/p>\n<p>Sipas kryeministrit maqedonas, fabrika q\u00eb do t\u00eb nd\u00ebrtohet n\u00eb Tetov\u00eb, do t\u00eb furnizoj\u00eb me makina elektrike vendin, rajonin por do t\u00eb shp\u00ebrndahen n\u00eb t\u00eb gjith\u00eb bot\u00ebn, duke e b\u00ebr\u00eb Maqedonin\u00eb e Veriut edhe nj\u00eb shtet q\u00eb i sh\u00ebrben t\u00eb ardhmes, mbrojtjes se klim\u00ebs e mjedisit. \u201cKy investim do t\u00eb ndryshoj\u00eb dhe p\u00ebrmir\u00ebsoj\u00eb jetes\u00ebn e komunitetit lokal e tregon, \u00ebsht\u00eb shenj\u00eb q\u00eb Maqedonia e Veriut \u00ebsht\u00eb e aft\u00eb t\u00eb thith\u00eb investime kaq t\u00eb r\u00ebnd\u00ebsishme nd\u00ebrkomb\u00ebtare. Urime familjes Destani dhe E.Go Mobile p\u00ebr fabrik\u00ebn n\u00eb Tetov\u00eb\u201d, tha Kova\u00e7evski.<\/p>\n<ul id=\"photobox-gallery-2\" class=\"thumbnails photobox-gallery gallery gallery-columns-3\">\n<li><a class=\"thumbnail\" href=\"https:\/\/alert.al\/wp-content\/uploads\/2022\/08\/WhatsApp-Image-2022-08-13-at-6.44.03-PM.jpeg\"><img loading=\"lazy\" loading=\"lazy\" decoding=\"async\" class=\"attachment-large size-large\" src=\"https:\/\/alert.al\/wp-content\/uploads\/2022\/08\/WhatsApp-Image-2022-08-13-at-6.44.03-PM.jpeg\" sizes=\"auto, (max-width: 940px) 100vw, 940px\" srcset=\"https:\/\/alert.al\/wp-content\/uploads\/2022\/08\/WhatsApp-Image-2022-08-13-at-6.44.03-PM.jpeg 1024w, https:\/\/alert.al\/wp-content\/uploads\/2022\/08\/WhatsApp-Image-2022-08-13-at-6.44.03-PM-300x169.jpeg 300w, https:\/\/alert.al\/wp-content\/uploads\/2022\/08\/WhatsApp-Image-2022-08-13-at-6.44.03-PM-768x432.jpeg 768w\" alt=\"\" width=\"940\" height=\"529\" \/><\/a><\/li>\n<li><a class=\"thumbnail\" href=\"https:\/\/alert.al\/wp-content\/uploads\/2022\/08\/WhatsApp-Image-2022-08-13-at-6.45.44-PM.jpeg\"><img loading=\"lazy\" loading=\"lazy\" decoding=\"async\" class=\"attachment-large size-large\" src=\"https:\/\/alert.al\/wp-content\/uploads\/2022\/08\/WhatsApp-Image-2022-08-13-at-6.45.44-PM.jpeg\" sizes=\"auto, (max-width: 940px) 100vw, 940px\" srcset=\"https:\/\/alert.al\/wp-content\/uploads\/2022\/08\/WhatsApp-Image-2022-08-13-at-6.45.44-PM.jpeg 1024w, https:\/\/alert.al\/wp-content\/uploads\/2022\/08\/WhatsApp-Image-2022-08-13-at-6.45.44-PM-300x225.jpeg 300w, https:\/\/alert.al\/wp-content\/uploads\/2022\/08\/WhatsApp-Image-2022-08-13-at-6.45.44-PM-768x576.jpeg 768w\" alt=\"\" width=\"940\" height=\"705\" \/><\/a><\/li>\n<li><a class=\"thumbnail\" href=\"https:\/\/alert.al\/wp-content\/uploads\/2022\/08\/WhatsApp-Image-2022-08-13-at-6.47.21-PM.jpeg\"><img loading=\"lazy\" loading=\"lazy\" decoding=\"async\" class=\"attachment-large size-large\" src=\"https:\/\/alert.al\/wp-content\/uploads\/2022\/08\/WhatsApp-Image-2022-08-13-at-6.47.21-PM.jpeg\" sizes=\"auto, (max-width: 940px) 100vw, 940px\" srcset=\"https:\/\/alert.al\/wp-content\/uploads\/2022\/08\/WhatsApp-Image-2022-08-13-at-6.47.21-PM.jpeg 1024w, https:\/\/alert.al\/wp-content\/uploads\/2022\/08\/WhatsApp-Image-2022-08-13-at-6.47.21-PM-300x225.jpeg 300w, https:\/\/alert.al\/wp-content\/uploads\/2022\/08\/WhatsApp-Image-2022-08-13-at-6.47.21-PM-768x576.jpeg 768w\" alt=\"\" width=\"940\" height=\"705\" \/><\/a><\/li>\n<\/ul>\n<p>Kryetari i Bashkimit Demokratik p\u00ebr Integrim, Ali Ahmeti, n\u00eb fjal\u00ebn e tij tha se, \u201csot ndajm\u00eb nj\u00eb g\u00ebzim t\u00eb madh, prodhimin e makinave elektrike n\u00eb vendin ton\u00eb. Ka qen\u00eb nj\u00eb pun\u00eb e angazhim i madh i Z.Lazim Destani, q\u00eb ky investim t\u00eb vendoset n\u00eb vendin ton\u00eb. Mir\u00ebnjohje kompanis\u00eb q\u00eb zgjodhi 13 gushtin, dat\u00ebn e Marr\u00ebveshies s\u00eb Ohrit p\u00ebr nisjen e nd\u00ebrtimit t\u00eb k\u00ebsaj fabrike\u201d.<\/p>\n<p>Nd\u00ebrsa Ministri i Finanave t\u00eb Maqedonis\u00eb, Fatmir Besimi, duke p\u00ebrs\u00ebritur fjal\u00ebn e Z.Destani tha \u201c\u00ebsht\u00eb mjaft e r\u00ebnd\u00ebsishme p\u00ebr vendin ton\u00eb, q\u00eb diaspora t\u00eb sjell\u00eb k\u00ebtu investimet e veta\u201d. \u201cKur kemi diskutuar p\u00ebr her\u00eb t\u00eb par\u00eb dhe n\u00eb vijim p\u00ebr k\u00ebt\u00eb projekt, ka pasur shum\u00eb skeptik\u00eb, por edhe inkurajues. Por, ne, s\u00eb bashku ia arrit\u00ebm dhe ku jemi sot, kur po inaugurohet dhe nisja e punimeve\u201d, tha Besimi.<\/p>\n<p>Kolegu i tij, Ministri i Ekonomis\u00eb, Kreshnik Bekteshi e cil\u00ebsoi si dit\u00eb historike p\u00ebr Maqedonin\u00eb e Veriut. \u201cN\u00eb ekonomi \u00ebsht\u00eb shprehja e efektit t\u00eb topit t\u00eb bor\u00ebs. Me l\u00ebvizjet e saj ajo b\u00ebhet m\u00eb e madhe dhe m\u00eb e shpejt\u00eb. Investimi prej 130 milion\u00eb eurosh \u00ebsht\u00eb shtysa dhe nxitja e shum\u00eb t\u00eb tjer\u00ebve, \u00ebsht\u00eb l\u00ebvizja q\u00eb e fut vendin ton\u00eb n\u00eb list\u00ebn e investimeve t\u00eb gjelbra\u201d, tha Bekteshi, sipas t\u00eb cilit, \u201cnd\u00ebrtimi i fabrik\u00ebs s\u00eb E.Go Mobile rrit dhe bashk\u00ebpunimin mes arsimit t\u00eb lart\u00eb dhe industris\u00eb, pasi domosdoshm\u00ebrisht do t\u00eb duhet t\u00eb p\u00ebrgatiten njer\u00ebz t\u00eb aft\u00eb p\u00ebr t\u00eb punuar n\u00eb k\u00ebt\u00eb industri\u201d.<\/p>\n<p>P\u00ebr Ministrin e Ekonomis\u00eb, investime t\u00eb tilla rrisin standardin e jetes\u00ebs q\u00eb lidhen dhe me axhend\u00ebn e gjelb\u00ebr. \u201cFamilja Destani \u00ebsht\u00eb familje e suksesit dhe nj\u00eb shembull q\u00eb duhet ndjekur, \u00ebsht\u00eb familje lider n\u00eb vendimet q\u00eb nd\u00ebrmerr. Ndaj, t\u00eb gjith\u00eb n\u00eb diaspor\u00eb, t\u00eb sjellin sukseset e tyre k\u00ebtu\u201d, shtoi Bekteshi.<\/p>\n<p>Drejtori i P\u00ebrgjithsh\u00ebm i Next.e.GO Mobile, Ali Vezvaei, e vuri theksin n\u00eb r\u00ebnd\u00ebsin\u00eb e investimeve t\u00eb gjenerat\u00ebs s\u00eb re. \u201cKjo \u00ebsht\u00eb nj\u00eb dit\u00eb historike p\u00ebr ne, p\u00ebr Maqedonin\u00eb e Veriut dhe p\u00ebr gjeneratat e ardhshme, \u00ebsht\u00eb nj\u00eb mund\u00ebsi p\u00ebr biznesin, i sh\u00ebrben Maqedonis\u00eb dhe nuk \u00ebsht\u00eb e kufizuar p\u00ebr zon\u00ebn e Tetov\u00ebs\u201d, tha Vezvaei, i cili falenderoi dhe qeverin\u00eb p\u00ebr mb\u00ebshtetjen si dhe Z.Destani p\u00ebr pasionin e tij t\u00eb p\u00ebrhesh\u00ebm n\u00eb mb\u00ebshtetje t\u00eb s\u00eb ardhmes s\u00eb rinis\u00eb. \u201cKjo fabrik\u00eb e jona \u00ebsht\u00eb e treta, pas Gjermanis\u00eb dhe Bullgaris\u00eb. Teknologjia \u00ebsht\u00eb e ardhmja e njer\u00ebzimit dhe k\u00ebto sfida jan\u00eb mision p\u00ebr ne n\u00eb E.Go. Kjo fabrik\u00eb do t\u00eb shfyt\u00ebzoj\u00eb resurset njer\u00ebzore t\u00eb vendit, duke u krijuar kushte e mund\u00ebsi pune, nd\u00ebrsa do ta vendos\u00eb Maqedonin\u00eb n\u00eb hart\u00ebn e makinave elektrike. Do t\u00eb sjell\u00eb t\u00eb ardhme m\u00eb t\u00eb mir\u00eb p\u00ebr t\u00eb rinjt\u00eb e t\u00eb rejat e shtetit tuaj\u201c, tha Vezvaei.<\/p>\n<p>Nd\u00ebrsa Drejtori i Financ\u00ebs s\u00eb E.Go Mobile, Eelo Van Der Leji tha para t\u00eb pranishm\u00ebve se, \u201cideja e kompanis\u00eb s\u00eb prodhimit t\u00eb makinave elektrike dhe innovative, \u00ebsht\u00eb q\u00ebndrueshm\u00ebria p\u00ebr qytetar\u00ebt. E.Go jan\u00eb makina civile dhe deri tani kemi prodhuar 30 mij\u00eb makina p\u00ebr nj\u00eb vit, q\u00eb nuk l\u00ebshojn\u00eb emetime e gazra n\u00eb mjedis, q\u00eb jan\u00eb t\u00eb pajisura me teknologjin\u00eb m\u00eb inovative\u201d.<\/p>\n<p>N\u00eb faz\u00ebn e dyt\u00eb, m\u00ebsohet se do t\u00eb investohen dhe disa qindra milion\u00eb euto t\u00eb tjera dhe numri i t\u00eb pun\u00ebsuarve do t\u00eb arrij\u00eb n\u00eb 4 mij\u00eb.<\/p>\n<p>Next.e.GO Mobile \u00ebsht\u00eb nj\u00eb nga kompanit\u00eb m\u00eb t\u00eb reja t\u00eb ND Group, pron\u00eb e familjes s\u00eb filantropit dhe biznesmenit Lazim Destani, e cila po njeh rritje t\u00eb menj\u00ebhershme n\u00eb tregun e automobilave elektrik. Ve\u00e7 saj, \u00ebsht\u00eb dhe kompania Ecolog, q\u00eb \u00ebsht\u00eb dhe shtylla financiare dhe m\u00eb e njohura deri tani e gjith\u00eb grupit, kompania EcoCare, si dhe shum\u00eb t\u00eb tjera pjes\u00eb e t\u00eb nj\u00ebjt\u00ebs ombrell\u00eb.<\/p>\n","protected":false},"excerpt":{"rendered":"<p>Kompania gjermane e prodhimit t\u00eb makinave elektrike Next.e.GO Mobile nisi sot nd\u00ebrtimin e fabrik\u00ebs s\u00eb tret\u00eb t\u00eb saj n\u00eb Maqedonin\u00eb e Veriut. Prodhuesi gjerman i automjeteve elektrike dhe inovative, pron\u00eb e familjes s\u00eb biznesmenit dhe filantropit Lazim Destani, vendosi gurin e themelit n\u00eb Tetov\u00eb, konkretisht n\u00eb Zon\u00ebn e Lir\u00eb Ekonomike, ku dhe u n\u00ebnshkrua marr\u00ebveshja [&hellip;]<\/p>\n","protected":false},"author":5,"featured_media":49214,"comment_status":"open","ping_status":"open","sticky":false,"template":"","format":"standard","meta":{"footnotes":""},"categories":[6327,6332],"tags":[],"class_list":{"0":"post-49213","1":"post","2":"type-post","3":"status-publish","4":"format-standard","5":"has-post-thumbnail","7":"category-ekonomi","8":"category-te-fundit"},"_links":{"self":[{"href":"https:\/\/jugulajm.net\/index.php?rest_route=\/wp\/v2\/posts\/49213","targetHints":{"allow":["GET"]}}],"collection":[{"href":"https:\/\/jugulajm.net\/index.php?rest_route=\/wp\/v2\/posts"}],"about":[{"href":"https:\/\/jugulajm.net\/index.php?rest_route=\/wp\/v2\/types\/post"}],"author":[{"embeddable":true,"href":"https:\/\/jugulajm.net\/index.php?rest_route=\/wp\/v2\/users\/5"}],"replies":[{"embeddable":true,"href":"https:\/\/jugulajm.net\/index.php?rest_route=%2Fwp%2Fv2%2Fcomments&post=49213"}],"version-history":[{"count":0,"href":"https:\/\/jugulajm.net\/index.php?rest_route=\/wp\/v2\/posts\/49213\/revisions"}],"wp:featuredmedia":[{"embeddable":true,"href":"https:\/\/jugulajm.net\/index.php?rest_route=\/wp\/v2\/media\/49214"}],"wp:attachment":[{"href":"https:\/\/jugulajm.net\/index.php?rest_route=%2Fwp%2Fv2%2Fmedia&parent=49213"}],"wp:term":[{"taxonomy":"category","embeddable":true,"href":"https:\/\/jugulajm.net\/index.php?rest_route=%2Fwp%2Fv2%2Fcategories&post=49213"},{"taxonomy":"post_tag","embeddable":true,"href":"https:\/\/jugulajm.net\/index.php?rest_route=%2Fwp%2Fv2%2Ftags&post=49213"}],"curies":[{"name":"wp","href":"https:\/\/api.w.org\/{rel}","templated":true}]}}