{"id":48964,"date":"2022-08-04T20:55:30","date_gmt":"2022-08-04T18:55:30","guid":{"rendered":"https:\/\/jugulajm.net\/?p=48964"},"modified":"2022-08-04T20:55:30","modified_gmt":"2022-08-04T18:55:30","slug":"protestuesit-ultimatum-rames-ke-72-ore-kohe-per-te-shkarkuar-cucin-dhe-kumbaron-ndryshe","status":"publish","type":"post","link":"https:\/\/jugulajm.net\/?p=48964","title":{"rendered":"Protestuesit ultimatum Ram\u00ebs: Ke 72 or\u00eb koh\u00eb p\u00ebr t\u00eb shkarkuar \u00c7u\u00e7in dhe Kumbaron, ndryshe&#8230;"},"content":{"rendered":"<p>Protesta e qytetar\u00ebve p\u00ebr vdekjen e Jonada Avdiut n\u00eb plazhin e Potamit nga polici Arjan Tase \u00ebsht\u00eb zhvendosur te Presidendca. Pasi qytetar\u00ebt b\u00ebn\u00eb thirrje ndaj presidentit Bajram Begaj se nuk ka reaguar n\u00eb lidhje me k\u00ebt\u00eb ngjarje tragjike i kan\u00eb b\u00ebr\u00eb ultimatum kryeministrit Edi Rama.<\/p>\n<p>N\u00eb ultimatumin e tyre, qytetar\u00ebt k\u00ebrkojn\u00eb q\u00eb brenda 72 or\u00ebve, Rama t\u00eb shkarkoj\u00eb menj\u00ebher\u00eb nga detyra dy ministrat Bledi \u00c7u\u00e7i dhe Mirela Kumbaro pasi ishin paralajm\u00ebruar edhe m\u00eb par\u00eb p\u00ebr rrezikshm\u00ebrin\u00eb e mjeteve lundruese n\u00eb bregdetin shqiptar.<\/p>\n<div><\/div>\n<p>Deri m\u00eb tani qytetar\u00ebt kan\u00eb k\u00ebrkuar q\u00eb ministri i Brendsh\u00ebm dhe ministrja e Turizmit t\u00eb jepnin vet\u00eb dor\u00ebheqjen, por duke ditur se kjo gj\u00eb nuk po ndodh ata i kan\u00eb b\u00ebr\u00eb ultimatum Ram\u00ebs.<\/p>\n<p>N\u00ebse nuk respektohet ultimatumi i tyre ata kan\u00eb paralajm\u00ebruar protesta t\u00eb tjera n\u00eb dit\u00ebt n\u00eb vijim.<\/p>\n","protected":false},"excerpt":{"rendered":"<p>Protesta e qytetar\u00ebve p\u00ebr vdekjen e Jonada Avdiut n\u00eb plazhin e Potamit nga polici Arjan Tase \u00ebsht\u00eb zhvendosur te Presidendca. Pasi qytetar\u00ebt b\u00ebn\u00eb thirrje ndaj presidentit Bajram Begaj se nuk ka reaguar n\u00eb lidhje me k\u00ebt\u00eb ngjarje tragjike i kan\u00eb b\u00ebr\u00eb ultimatum kryeministrit Edi Rama. N\u00eb ultimatumin e tyre, qytetar\u00ebt k\u00ebrkojn\u00eb q\u00eb brenda 72 or\u00ebve, [&hellip;]<\/p>\n","protected":false},"author":5,"featured_media":48965,"comment_status":"open","ping_status":"open","sticky":false,"template":"","format":"standard","meta":{"footnotes":""},"categories":[1,6332],"tags":[],"class_list":{"0":"post-48964","1":"post","2":"type-post","3":"status-publish","4":"format-standard","5":"has-post-thumbnail","7":"category-aktualitet","8":"category-te-fundit"},"_links":{"self":[{"href":"https:\/\/jugulajm.net\/index.php?rest_route=\/wp\/v2\/posts\/48964","targetHints":{"allow":["GET"]}}],"collection":[{"href":"https:\/\/jugulajm.net\/index.php?rest_route=\/wp\/v2\/posts"}],"about":[{"href":"https:\/\/jugulajm.net\/index.php?rest_route=\/wp\/v2\/types\/post"}],"author":[{"embeddable":true,"href":"https:\/\/jugulajm.net\/index.php?rest_route=\/wp\/v2\/users\/5"}],"replies":[{"embeddable":true,"href":"https:\/\/jugulajm.net\/index.php?rest_route=%2Fwp%2Fv2%2Fcomments&post=48964"}],"version-history":[{"count":0,"href":"https:\/\/jugulajm.net\/index.php?rest_route=\/wp\/v2\/posts\/48964\/revisions"}],"wp:featuredmedia":[{"embeddable":true,"href":"https:\/\/jugulajm.net\/index.php?rest_route=\/wp\/v2\/media\/48965"}],"wp:attachment":[{"href":"https:\/\/jugulajm.net\/index.php?rest_route=%2Fwp%2Fv2%2Fmedia&parent=48964"}],"wp:term":[{"taxonomy":"category","embeddable":true,"href":"https:\/\/jugulajm.net\/index.php?rest_route=%2Fwp%2Fv2%2Fcategories&post=48964"},{"taxonomy":"post_tag","embeddable":true,"href":"https:\/\/jugulajm.net\/index.php?rest_route=%2Fwp%2Fv2%2Ftags&post=48964"}],"curies":[{"name":"wp","href":"https:\/\/api.w.org\/{rel}","templated":true}]}}