{"id":48917,"date":"2022-08-02T16:35:45","date_gmt":"2022-08-02T14:35:45","guid":{"rendered":"https:\/\/jugulajm.net\/?p=48917"},"modified":"2022-08-02T16:35:45","modified_gmt":"2022-08-02T14:35:45","slug":"nano-perjashton-nga-policia-komisarin-qe-i-mori-jeten-me-skaf-7-vjecares","status":"publish","type":"post","link":"https:\/\/jugulajm.net\/?p=48917","title":{"rendered":"Nano p\u00ebrjashton nga policia komisarin q\u00eb i mori jet\u00ebn me skaf 7-vje\u00e7ares"},"content":{"rendered":"<p>Pas ngjarjes tragjike t\u00eb ndodhur n\u00eb plazhin e Potamit, ka reaguar menj\u00ebher\u00eb Drejtori i P\u00ebrgjithsh\u00ebm i Policis\u00eb s\u00eb Shtetit, Gledis Nano.<\/p>\n<p>Ai ka vendosur t\u00eb p\u00ebrjashtoj\u00eb nga radh\u00ebt e policis\u00eb, drejtuesin e gomones q\u00eb p\u00ebrplasi p\u00ebr vdekje f\u00ebmij\u00ebn 7 vje\u00e7, Arjan Tase, i cili ka drejtuar m\u00eb par\u00eb komisariatin e Himar\u00ebs nd\u00ebrsa aktualisht mbante postin e shefit t\u00eb policimit n\u00eb Komunitet n\u00eb Drejtorin\u00eb Vendore t\u00eb Policis\u00eb Elbasan.<\/p>\n<p>Gjithashtu \u00ebsht\u00eb pezulluar nga detyra kreu i Drejtoris\u00eb Vendore p\u00ebr Kufirin dhe Migracionin Vlor\u00eb, Kryekomisar Shp\u00ebtim Hasanaliaj, nd\u00ebrsa Nano ka dh\u00ebn\u00eb urdh\u00ebr p\u00ebr angazhim maksimal t\u00eb t\u00eb gjith\u00eb forcave t\u00eb policis\u00eb p\u00ebr mbar\u00ebvajtjen e siguris\u00eb n\u00eb plazhet p\u00ebrgjat\u00eb vij\u00ebs bregdetare t\u00eb vendit.<\/p>\n<p>\u201cDrejtori i P\u00ebrgjithsh\u00ebm i Policis\u00eb s\u00eb Shtetit Gledis Nano i shpreh ngush\u00ebllimet e sinqerta familjes Avdia, p\u00ebr humbjen e jet\u00ebs s\u00eb vajz\u00ebs s\u00eb tyre 7-vje\u00e7are, e cila u godit nga nj\u00eb mjet lundrues. P\u00ebr Policin\u00eb e Shtetit keqardhja dhe p\u00ebrgjegj\u00ebsia p\u00ebr k\u00ebt\u00eb ngjarje \u00ebsht\u00eb e dyfisht\u00eb, p\u00ebrve\u00e7 se n\u00eb nivel institucional, ashtu edhe n\u00eb at\u00eb njer\u00ebzor, si prind\u00ebr, si familjar\u00eb dhe si bashk\u00ebqytetar\u00eb t\u00eb k\u00ebtij vendi.<\/p>\n<p>Nd\u00ebrkoh\u00eb, Nano ka p\u00ebrjashtuar nga radh\u00ebt e Policis\u00eb s\u00eb Shtetit oficerin e Policis\u00eb Komisar Arjan Tase, me detyr\u00eb Shef Seksioni i Policimit n\u00eb Komunitet n\u00eb Komisariatin e Policis\u00eb Elbasan, i cili \u00ebsht\u00eb arrestuar menj\u00ebher\u00eb pasi ka ndodhur ngjarja.<\/p>\n<p>Oficeri i Policis\u00eb ndodhej me pushime n\u00eb Himar\u00eb dhe duke drejtuar nj\u00eb mjet lundrues skaf, dyshohet se ka humbur kontrollin mbi drejtimin e mjetit dhe p\u00ebr pasoj\u00eb mjeti lundrues ka goditur vajz\u00ebn 7-vje\u00e7are t\u00eb familjes Avdia, e cila p\u00ebr shkak t\u00eb plag\u00ebve t\u00eb marra nd\u00ebrroi jet\u00eb n\u00eb vendngjarje.<\/p>\n<p>Gjithashtu, Drejtori i P\u00ebrgjithsh\u00ebm i Policis\u00eb s\u00eb Shtetit Gledis Nano ka pezulluar nga detyra, deri n\u00eb zbardhjen e plot\u00eb t\u00eb rrethanave t\u00eb ngjarjes, Drejtorin e Drejtoris\u00eb Vendore p\u00ebr Kufirin dhe Migracionin Vlor\u00eb, Kryekomisar Shp\u00ebtim Hasanaliaj.<\/p>\n<p>Nj\u00ebkoh\u00ebsisht, Drejtor Nano ka urdh\u00ebruar Drejtorin\u00eb e Standardeve Profesionale, Departamentin p\u00ebr Kufirin dhe Migracionin dhe Departamentin p\u00ebr Rendin dhe Sigurin\u00eb Publike, p\u00ebr ngritjen e nj\u00eb grupi t\u00eb posa\u00e7\u00ebm, p\u00ebr t\u00eb verifikuar zbatimin e porosive t\u00eb dh\u00ebna s\u00eb fundi nga Drejtori i P\u00ebrgjithsh\u00ebm i Policis\u00eb s\u00eb Shtetit, p\u00ebr shtimin e masave t\u00eb siguris\u00eb n\u00eb zonat bregdetare.<\/p>\n<p>Drejtori i P\u00ebrgjithsh\u00ebm i Policis\u00eb s\u00eb Shtetit shpreh mb\u00ebshtetje dhe inkurajon grupin hetimor t\u00eb Agjencis\u00eb s\u00eb Mbik\u00ebqyrjes Policore, i cili n\u00ebn drejtimin e Prokuroris\u00eb pran\u00eb Gjykat\u00ebs s\u00eb Rrethit Gjyq\u00ebsor Vlor\u00eb, vijon pun\u00ebn p\u00ebr zbardhjen e plot\u00eb t\u00eb rrethanave t\u00eb k\u00ebsaj ngjarjeje\u201d, njofton policia.<\/p>\n","protected":false},"excerpt":{"rendered":"<p>Pas ngjarjes tragjike t\u00eb ndodhur n\u00eb plazhin e Potamit, ka reaguar menj\u00ebher\u00eb Drejtori i P\u00ebrgjithsh\u00ebm i Policis\u00eb s\u00eb Shtetit, Gledis Nano. Ai ka vendosur t\u00eb p\u00ebrjashtoj\u00eb nga radh\u00ebt e policis\u00eb, drejtuesin e gomones q\u00eb p\u00ebrplasi p\u00ebr vdekje f\u00ebmij\u00ebn 7 vje\u00e7, Arjan Tase, i cili ka drejtuar m\u00eb par\u00eb komisariatin e Himar\u00ebs nd\u00ebrsa aktualisht mbante postin [&hellip;]<\/p>\n","protected":false},"author":5,"featured_media":40255,"comment_status":"open","ping_status":"open","sticky":false,"template":"","format":"standard","meta":{"footnotes":""},"categories":[1,6332],"tags":[],"class_list":{"0":"post-48917","1":"post","2":"type-post","3":"status-publish","4":"format-standard","5":"has-post-thumbnail","7":"category-aktualitet","8":"category-te-fundit"},"_links":{"self":[{"href":"https:\/\/jugulajm.net\/index.php?rest_route=\/wp\/v2\/posts\/48917","targetHints":{"allow":["GET"]}}],"collection":[{"href":"https:\/\/jugulajm.net\/index.php?rest_route=\/wp\/v2\/posts"}],"about":[{"href":"https:\/\/jugulajm.net\/index.php?rest_route=\/wp\/v2\/types\/post"}],"author":[{"embeddable":true,"href":"https:\/\/jugulajm.net\/index.php?rest_route=\/wp\/v2\/users\/5"}],"replies":[{"embeddable":true,"href":"https:\/\/jugulajm.net\/index.php?rest_route=%2Fwp%2Fv2%2Fcomments&post=48917"}],"version-history":[{"count":0,"href":"https:\/\/jugulajm.net\/index.php?rest_route=\/wp\/v2\/posts\/48917\/revisions"}],"wp:featuredmedia":[{"embeddable":true,"href":"https:\/\/jugulajm.net\/index.php?rest_route=\/"}],"wp:attachment":[{"href":"https:\/\/jugulajm.net\/index.php?rest_route=%2Fwp%2Fv2%2Fmedia&parent=48917"}],"wp:term":[{"taxonomy":"category","embeddable":true,"href":"https:\/\/jugulajm.net\/index.php?rest_route=%2Fwp%2Fv2%2Fcategories&post=48917"},{"taxonomy":"post_tag","embeddable":true,"href":"https:\/\/jugulajm.net\/index.php?rest_route=%2Fwp%2Fv2%2Ftags&post=48917"}],"curies":[{"name":"wp","href":"https:\/\/api.w.org\/{rel}","templated":true}]}}