{"id":48681,"date":"2022-07-25T13:43:56","date_gmt":"2022-07-25T11:43:56","guid":{"rendered":"https:\/\/jugulajm.net\/?p=48681"},"modified":"2022-07-25T13:43:56","modified_gmt":"2022-07-25T11:43:56","slug":"largimi-masiv-i-shqiptareve-dyfishohet-numri-i-kerkesave-per-azil-ne-be","status":"publish","type":"post","link":"https:\/\/jugulajm.net\/?p=48681","title":{"rendered":"Largimi masiv i shqiptar\u00ebve, dyfishohet numri i k\u00ebrkesave p\u00ebr azil n\u00eb BE"},"content":{"rendered":"<p>Numri i k\u00ebrkesave p\u00ebr azil nga shqiptar\u00ebt n\u00eb vendet e Bashkimit Europian ka vijuar t\u00eb mbetet i lart\u00eb edhe n\u00eb maj 2022, ndon\u00ebse me r\u00ebnie n\u00eb raport me muajt e fundit t\u00eb 2021-t, nd\u00ebrsa si pes\u00eb mujor \u00ebsht\u00eb shum\u00eb m\u00eb i lart\u00eb se e nj\u00ebjta periudh\u00eb e 2021-it, kur l\u00ebvizjet ishin ende t\u00eb kufizuara p\u00ebr shkak t\u00eb pandemis\u00eb..<\/p>\n<p>Sipas t\u00eb dh\u00ebnave t\u00eb Eurostat, n\u00eb maj t\u00eb k\u00ebtij viti kishte gjithsej 920 k\u00ebrkesa p\u00ebr azil (p\u00ebr her\u00eb t\u00eb par\u00eb dhe riaplikime), pa p\u00ebrfshir\u00eb Mbret\u00ebrin\u00eb e Bashkuar, t\u00eb dh\u00ebnat e t\u00eb cil\u00ebs nuk raportohen m\u00eb q\u00eb nga n\u00ebntori i vitit 2020. Ky \u00ebsht\u00eb niveli m\u00eb i lart\u00eb i aplikimeve q\u00eb nga janari.<\/p>\n<p>P\u00ebr periudh\u00ebn janar-maj u sh\u00ebnuan gjithsej 3,850 aplikime dhe riaplikime, me nj\u00eb rritje prej 108% n\u00eb krahasim me 5 muajt e par\u00eb t\u00eb vitit t\u00eb kaluar, kur l\u00ebvizjet ishin ende t\u00eb kufizuara p\u00ebr shkak t\u00eb pandemis\u00eb.<\/p>\n<p>Pas heqjes s\u00eb kufizimeve p\u00ebr udh\u00ebtime, n\u00eb gjysm\u00ebn e dyt\u00eb t\u00eb vitit t\u00eb kaluar u sh\u00ebnuar nj\u00eb rritje e fort\u00eb e aplikimeve dhe raiaplikimeve, q\u00eb kulmoi n\u00eb n\u00ebntor, duke i tejkaluar dhe nivelet e para-pandemis\u00eb.<\/p>\n<p>Franca vijon t\u00eb mbetet shteti m\u00eb i preferuar p\u00ebr azilant\u00ebt shqiptar\u00eb, p\u00ebr shkak t\u00eb leht\u00ebsive social q\u00eb ai ofron. Gati dy mij\u00eb persona, apo 50% e totalit iu drejtuan Franc\u00ebs p\u00ebr her\u00eb t\u00eb par\u00eb, apo riaplikuan n\u00eb pes\u00eb muajt e par\u00eb t\u00eb k\u00ebtij viti. E dyta \u00ebsht\u00eb Gjermania, me 22% t\u00eb totalit t\u00eb aplikimeve, Italia 9.2%, Greqia 10.2% dhe Belgjika 4%.<\/p>\n<p><strong>Bien aplikimet n\u00eb BE<\/strong><\/p>\n<p>N\u00eb prill 2022, 54 145 aplikant\u00eb p\u00ebr azil p\u00ebr her\u00eb t\u00eb par\u00eb (qytetar\u00eb jo t\u00eb BE-s\u00eb) aplikuan p\u00ebr mbrojtje nd\u00ebrkomb\u00ebtare n\u00eb Shtetet An\u00ebtare t\u00eb BE-s\u00eb, 66% m\u00eb shum\u00eb krahasuar me prillin 2021 (32 570) dhe 28% m\u00eb pak krahasuar me marsin 2022 (74 950), sipas Eurostat.<\/p>\n<p>R\u00ebnia nga marsi n\u00eb prill 2022 mund t\u2019i atribuohet kryesisht uljes s\u00eb aplikant\u00ebve ukrainas p\u00ebr her\u00eb t\u00eb par\u00eb (nga 12 885 n\u00eb mars n\u00eb 1 510 n\u00eb prill; -88%), numri i t\u00eb cil\u00ebve ishte rritur n\u00eb mars p\u00ebr shkak t\u00eb agresionit ushtarak t\u00eb Rusis\u00eb ndaj Ukrain\u00ebs.<\/p>\n<p>N\u00eb prill 2022, kishte edhe 5 555 aplikant\u00eb p\u00ebr her\u00eb t\u00eb dyt\u00eb (persona q\u00eb riaplikuan p\u00ebr azil pasi ishte marr\u00eb nj\u00eb vendim p\u00ebr nj\u00eb k\u00ebrkes\u00eb t\u00eb m\u00ebparshme). Kjo ishte 2% n\u00eb rritje krahasuar me prillin 2021 dhe nj\u00eb r\u00ebnie prej 16% krahasuar me mars 2022.<\/p>\n<figure id=\"attachment_283909\" class=\"wp-caption alignnone\" aria-describedby=\"caption-attachment-283909\"><a href=\"https:\/\/378827-1187191-raikfcquaxqncofqfm.stackpathdns.com\/images\/2022\/07\/aplikimet-1.jpg\"><img loading=\"lazy\" loading=\"lazy\" decoding=\"async\" class=\"wp-image-283909 size-full ls-is-cached lazyloaded lazy-loaded\" src=\"https:\/\/378827-1187191-raikfcquaxqncofqfm.stackpathdns.com\/images\/2022\/07\/aplikimet-1.jpg\" alt=\"\" width=\"863\" height=\"464\" data-src=\"https:\/\/378827-1187191-raikfcquaxqncofqfm.stackpathdns.com\/images\/2022\/07\/aplikimet-1.jpg\" \/><\/a><figcaption id=\"caption-attachment-283909\" class=\"wp-caption-text\">Burimi:Eurostat<\/figcaption><\/figure>\n<figure id=\"attachment_283908\" class=\"wp-caption alignnone\" aria-describedby=\"caption-attachment-283908\"><a href=\"https:\/\/378827-1187191-raikfcquaxqncofqfm.stackpathdns.com\/images\/2022\/07\/aplikimet-2.jpg\"><img loading=\"lazy\" loading=\"lazy\" decoding=\"async\" class=\"wp-image-283908 size-full lazyloaded lazy-loaded\" src=\"https:\/\/378827-1187191-raikfcquaxqncofqfm.stackpathdns.com\/images\/2022\/07\/aplikimet-2.jpg\" alt=\"\" width=\"985\" height=\"440\" data-src=\"https:\/\/378827-1187191-raikfcquaxqncofqfm.stackpathdns.com\/images\/2022\/07\/aplikimet-2.jpg\" \/><\/a><figcaption id=\"caption-attachment-283908\" class=\"wp-caption-text\">Burimi:Eurostat\/<a href=\"https:\/\/www.monitor.al\/dyfishohet-numri-i-kerkesave-per-azil-nga-shqiptaret-ne-janar-maj-2022-kryeson-franca\/?fbclid=IwAR071PQwb3vDbf8VOc0XGTx45fi-1_rxLS0zCl7tl6fcHm41texhr9CMNk8\">Monitor<\/a><\/figcaption><\/figure>\n","protected":false},"excerpt":{"rendered":"<p>Numri i k\u00ebrkesave p\u00ebr azil nga shqiptar\u00ebt n\u00eb vendet e Bashkimit Europian ka vijuar t\u00eb mbetet i lart\u00eb edhe n\u00eb maj 2022, ndon\u00ebse me r\u00ebnie n\u00eb raport me muajt e fundit t\u00eb 2021-t, nd\u00ebrsa si pes\u00eb mujor \u00ebsht\u00eb shum\u00eb m\u00eb i lart\u00eb se e nj\u00ebjta periudh\u00eb e 2021-it, kur l\u00ebvizjet ishin ende t\u00eb kufizuara p\u00ebr [&hellip;]<\/p>\n","protected":false},"author":5,"featured_media":24090,"comment_status":"open","ping_status":"open","sticky":false,"template":"","format":"standard","meta":{"footnotes":""},"categories":[1,6332],"tags":[],"class_list":{"0":"post-48681","1":"post","2":"type-post","3":"status-publish","4":"format-standard","5":"has-post-thumbnail","7":"category-aktualitet","8":"category-te-fundit"},"_links":{"self":[{"href":"https:\/\/jugulajm.net\/index.php?rest_route=\/wp\/v2\/posts\/48681","targetHints":{"allow":["GET"]}}],"collection":[{"href":"https:\/\/jugulajm.net\/index.php?rest_route=\/wp\/v2\/posts"}],"about":[{"href":"https:\/\/jugulajm.net\/index.php?rest_route=\/wp\/v2\/types\/post"}],"author":[{"embeddable":true,"href":"https:\/\/jugulajm.net\/index.php?rest_route=\/wp\/v2\/users\/5"}],"replies":[{"embeddable":true,"href":"https:\/\/jugulajm.net\/index.php?rest_route=%2Fwp%2Fv2%2Fcomments&post=48681"}],"version-history":[{"count":0,"href":"https:\/\/jugulajm.net\/index.php?rest_route=\/wp\/v2\/posts\/48681\/revisions"}],"wp:featuredmedia":[{"embeddable":true,"href":"https:\/\/jugulajm.net\/index.php?rest_route=\/"}],"wp:attachment":[{"href":"https:\/\/jugulajm.net\/index.php?rest_route=%2Fwp%2Fv2%2Fmedia&parent=48681"}],"wp:term":[{"taxonomy":"category","embeddable":true,"href":"https:\/\/jugulajm.net\/index.php?rest_route=%2Fwp%2Fv2%2Fcategories&post=48681"},{"taxonomy":"post_tag","embeddable":true,"href":"https:\/\/jugulajm.net\/index.php?rest_route=%2Fwp%2Fv2%2Ftags&post=48681"}],"curies":[{"name":"wp","href":"https:\/\/api.w.org\/{rel}","templated":true}]}}