{"id":48644,"date":"2022-07-24T09:00:17","date_gmt":"2022-07-24T07:00:17","guid":{"rendered":"https:\/\/jugulajm.net\/?p=48644"},"modified":"2022-07-24T09:00:17","modified_gmt":"2022-07-24T07:00:17","slug":"video-permet-sendet-personale-te-skulptorit-odhise-paskalit-ne-muzeun-e-ri","status":"publish","type":"post","link":"https:\/\/jugulajm.net\/?p=48644","title":{"rendered":"VIDEO\/ P\u00ebrmet\/ Sendet personale t\u00eb skulptorit Odhise Paskalit n\u00eb muzeun e ri"},"content":{"rendered":"<p>Gjetjet arkeologjike te vendbanimeve te hershme, ene artizanale e deri tek stolit\u00eb e grave jan\u00eb ekspozuar n\u00eb Muzeun e qytetit t\u00eb P\u00ebrmetit, \u00e7elur pak muaj m\u00eb par\u00eb.<\/p>\n<p>Ledjan Komino, p\u00ebrgjegj\u00ebs i k\u00ebtij muzeu, i cili na tregon fillimisht sendet e ekspozuara n\u00eb pavionin e etnografis\u00eb.<\/p>\n<p>&#8220;Kemi t\u00eb reklamuara objektet qe tregojn\u00eb m\u00ebnyr\u00ebn e hershme t\u00eb jetes\u00ebs, si bucela druri q\u00eb p\u00ebrdoreshin p\u00ebr t\u00eb mbajtur ujin apo ver\u00ebn. Kemi nj\u00eb vul\u00eb t\u00eb vjet\u00ebr druri dhe disa en\u00eb p\u00ebr kafen\u00eb. N\u00eb mur kemi rozet\u00eb, apo muret dekorative t\u00eb punuara nga artist\u00ebt p\u00ebrmetar q\u00eb vendoseshin n\u00eb tavanet e sht\u00ebpive&#8221;, u shpreh ai.<br \/>\nM\u00eb interesant \u00ebsht\u00eb aneksi arkeologjik me objekte t\u00eb periudh\u00ebs s\u00eb neolitit, asaj romake dhe otomane.<\/p>\n<p>&#8220;N\u00eb k\u00ebto dy k\u00ebnde tregohet p\u00ebr g\u00ebrmimet n\u00eb lugin\u00ebn e Vjos\u00ebs. T\u00eb gjitha objektet arkeologjike jan\u00eb gjetur n\u00eb zon\u00ebn e P\u00ebrmetit\u201d, u shpreh Komino.<\/p>\n<p>N\u00eb k\u00ebt\u00eb muze jan\u00eb ekspozuar sende personale t\u00eb Artistit, Odhise Paskali cil\u00ebsuar si themeluesi i skulptur\u00ebs shqiptare si dhe pavioni i v\u00ebllez\u00ebrve Frash\u00ebri.<\/p>\n<p>&#8220;Punimet q\u00eb skulptori ka b\u00ebr\u00eb, si\u00e7 \u00ebsht\u00eb kali Sk\u00ebnderbeut n\u00eb Tirane, ne k\u00ebtu e kemi n\u00eb miniatur\u00eb. Po k\u00ebshtu kemi t\u00eb ekspozuara sendet personale t\u00eb Paskalit, si\u00e7 \u00ebsht\u00eb ora q\u00eb ai ka mbajtur n\u00eb dor\u00eb dhe aparati fotografi&#8221;, tha Komino.<\/p>\n<p>Turist\u00ebt q\u00eb kan\u00eb zgjedhur t\u00eb vizitojn\u00eb P\u00ebrmetin p\u00ebr bukurit\u00eb natyrore, kultur\u00ebn e tradit\u00ebn ndalojn\u00eb dhe n\u00eb muzeun e ri, i cili ndodhet n\u00eb ambientet e Qendr\u00ebs s\u00eb Kultur\u00ebs.<\/p>\n<p>&#8220;Jam nga Holanda dhe \u00ebsht\u00eb hera e par\u00eb q\u00eb vij n\u00eb Shqip\u00ebri. K\u00ebtu n\u00eb P\u00ebrmet \u00ebsht\u00eb me t\u00eb v\u00ebrtet\u00eb shum\u00eb bukur&#8221;, tha nj\u00eb turist.<\/p>\n<p>&#8220;Jam nga Hollanda dhe po b\u00ebjm\u00eb 4 jav\u00eb q\u00eb po eksplorojm\u00eb Shqip\u00ebrin\u00eb. Njer\u00ebzit jan\u00eb shum\u00eb mikprit\u00ebs&#8221;, u shpreh nj\u00eb tjet\u00ebr turist.<\/p>\n<p>Vitin e kaluar mbi 8 mij\u00eb turist\u00eb vizituan P\u00ebrmetin.<\/p>\n","protected":false},"excerpt":{"rendered":"<p>Gjetjet arkeologjike te vendbanimeve te hershme, ene artizanale e deri tek stolit\u00eb e grave jan\u00eb ekspozuar n\u00eb Muzeun e qytetit t\u00eb P\u00ebrmetit, \u00e7elur pak muaj m\u00eb par\u00eb. Ledjan Komino, p\u00ebrgjegj\u00ebs i k\u00ebtij muzeu, i cili na tregon fillimisht sendet e ekspozuara n\u00eb pavionin e etnografis\u00eb. &#8220;Kemi t\u00eb reklamuara objektet qe tregojn\u00eb m\u00ebnyr\u00ebn e hershme t\u00eb [&hellip;]<\/p>\n","protected":false},"author":5,"featured_media":48645,"comment_status":"open","ping_status":"open","sticky":false,"template":"","format":"video","meta":{"footnotes":""},"categories":[7665,6332],"tags":[],"class_list":{"0":"post-48644","1":"post","2":"type-post","3":"status-publish","4":"format-video","5":"has-post-thumbnail","7":"category-art","8":"category-te-fundit","9":"post_format-post-format-video"},"_links":{"self":[{"href":"https:\/\/jugulajm.net\/index.php?rest_route=\/wp\/v2\/posts\/48644","targetHints":{"allow":["GET"]}}],"collection":[{"href":"https:\/\/jugulajm.net\/index.php?rest_route=\/wp\/v2\/posts"}],"about":[{"href":"https:\/\/jugulajm.net\/index.php?rest_route=\/wp\/v2\/types\/post"}],"author":[{"embeddable":true,"href":"https:\/\/jugulajm.net\/index.php?rest_route=\/wp\/v2\/users\/5"}],"replies":[{"embeddable":true,"href":"https:\/\/jugulajm.net\/index.php?rest_route=%2Fwp%2Fv2%2Fcomments&post=48644"}],"version-history":[{"count":0,"href":"https:\/\/jugulajm.net\/index.php?rest_route=\/wp\/v2\/posts\/48644\/revisions"}],"wp:featuredmedia":[{"embeddable":true,"href":"https:\/\/jugulajm.net\/index.php?rest_route=\/wp\/v2\/media\/48645"}],"wp:attachment":[{"href":"https:\/\/jugulajm.net\/index.php?rest_route=%2Fwp%2Fv2%2Fmedia&parent=48644"}],"wp:term":[{"taxonomy":"category","embeddable":true,"href":"https:\/\/jugulajm.net\/index.php?rest_route=%2Fwp%2Fv2%2Fcategories&post=48644"},{"taxonomy":"post_tag","embeddable":true,"href":"https:\/\/jugulajm.net\/index.php?rest_route=%2Fwp%2Fv2%2Ftags&post=48644"}],"curies":[{"name":"wp","href":"https:\/\/api.w.org\/{rel}","templated":true}]}}