{"id":48641,"date":"2022-07-24T08:48:34","date_gmt":"2022-07-24T06:48:34","guid":{"rendered":"https:\/\/jugulajm.net\/?p=48641"},"modified":"2022-07-24T08:48:34","modified_gmt":"2022-07-24T06:48:34","slug":"sot-le-detyren-meta-ishte-nder-te-sherbeja","status":"publish","type":"post","link":"https:\/\/jugulajm.net\/?p=48641","title":{"rendered":"Sot l\u00eb detyr\u00ebn, Meta: Ishte nder t\u00eb sh\u00ebrbeja"},"content":{"rendered":"<p>Sot Ilir Meta ka dit\u00ebn e fundit n\u00eb Presidenc\u00eb, pasi duke filluar nga ora 19:30 detyra e presidentit p\u00ebr 5 vite e ardhshme do t\u00eb merret nga Bajram Begaj.<\/p>\n<p>Meta n\u00eb p\u00ebrmjet nj\u00eb postimi n\u00eb rrjetet sociale, shkruan p\u00ebr t\u00eb ka qen\u00eb nder q\u00eb ka sh\u00ebrbyer pes\u00eb vite n\u00eb detyr\u00ebn e presidentit.<\/p>\n<p>Meta e mbyll reagimin e\u00a0 tij me nj\u00eb urim p\u00ebr vendin dhe familjet shqiptare.<\/p>\n<p><em>\u201cIshte nj\u00eb nder dhe privilegj i jasht\u00ebzakonsh\u00ebm t\u00eb sh\u00ebrbeja k\u00ebto pes\u00eb vite si President i Republik\u00ebs t\u00eb Shqip\u00ebris\u00eb. \u00a0Uroj p\u00ebr atdheun dhe kombin ton\u00eb m\u00eb t\u00eb mir\u00ebn! Paqe dhe mbar\u00ebsi p\u00ebr \u00e7do familje shqiptare! \u00a0Zoti e bekoft\u00eb Shqip\u00ebrin\u00eb\u201d,-<\/em>shkruan Meta.<\/p>\n","protected":false},"excerpt":{"rendered":"<p>Sot Ilir Meta ka dit\u00ebn e fundit n\u00eb Presidenc\u00eb, pasi duke filluar nga ora 19:30 detyra e presidentit p\u00ebr 5 vite e ardhshme do t\u00eb merret nga Bajram Begaj. Meta n\u00eb p\u00ebrmjet nj\u00eb postimi n\u00eb rrjetet sociale, shkruan p\u00ebr t\u00eb ka qen\u00eb nder q\u00eb ka sh\u00ebrbyer pes\u00eb vite n\u00eb detyr\u00ebn e presidentit. Meta e mbyll [&hellip;]<\/p>\n","protected":false},"author":5,"featured_media":48642,"comment_status":"open","ping_status":"open","sticky":false,"template":"","format":"standard","meta":{"footnotes":""},"categories":[6326,6332],"tags":[],"class_list":{"0":"post-48641","1":"post","2":"type-post","3":"status-publish","4":"format-standard","5":"has-post-thumbnail","7":"category-politike","8":"category-te-fundit"},"_links":{"self":[{"href":"https:\/\/jugulajm.net\/index.php?rest_route=\/wp\/v2\/posts\/48641","targetHints":{"allow":["GET"]}}],"collection":[{"href":"https:\/\/jugulajm.net\/index.php?rest_route=\/wp\/v2\/posts"}],"about":[{"href":"https:\/\/jugulajm.net\/index.php?rest_route=\/wp\/v2\/types\/post"}],"author":[{"embeddable":true,"href":"https:\/\/jugulajm.net\/index.php?rest_route=\/wp\/v2\/users\/5"}],"replies":[{"embeddable":true,"href":"https:\/\/jugulajm.net\/index.php?rest_route=%2Fwp%2Fv2%2Fcomments&post=48641"}],"version-history":[{"count":0,"href":"https:\/\/jugulajm.net\/index.php?rest_route=\/wp\/v2\/posts\/48641\/revisions"}],"wp:featuredmedia":[{"embeddable":true,"href":"https:\/\/jugulajm.net\/index.php?rest_route=\/wp\/v2\/media\/48642"}],"wp:attachment":[{"href":"https:\/\/jugulajm.net\/index.php?rest_route=%2Fwp%2Fv2%2Fmedia&parent=48641"}],"wp:term":[{"taxonomy":"category","embeddable":true,"href":"https:\/\/jugulajm.net\/index.php?rest_route=%2Fwp%2Fv2%2Fcategories&post=48641"},{"taxonomy":"post_tag","embeddable":true,"href":"https:\/\/jugulajm.net\/index.php?rest_route=%2Fwp%2Fv2%2Ftags&post=48641"}],"curies":[{"name":"wp","href":"https:\/\/api.w.org\/{rel}","templated":true}]}}